{"id":4322,"date":"2026-03-25T18:09:17","date_gmt":"2026-03-25T18:09:17","guid":{"rendered":"https:\/\/www.expomunicipal.es\/la-xunta-pone-en-valor-la-consolidacion-de-las-ferias-expomunicipal-y-enerxetika-como-el-mejor-escaparate-de-las-ultimas-innovaciones-para-los-servicios-municipales-y-el-sector-energetico\/"},"modified":"2026-03-25T18:15:40","modified_gmt":"2026-03-25T18:15:40","slug":"la-xunta-pone-en-valor-la-consolidacion-de-las-ferias-expomunicipal-y-enerxetika-como-el-mejor-escaparate-de-las-ultimas-innovaciones-para-los-servicios-municipales-y-el-sector-energetico","status":"publish","type":"post","link":"https:\/\/www.expomunicipal.es\/gl\/la-xunta-pone-en-valor-la-consolidacion-de-las-ferias-expomunicipal-y-enerxetika-como-el-mejor-escaparate-de-las-ultimas-innovaciones-para-los-servicios-municipales-y-el-sector-energetico\/","title":{"rendered":"A Xunta pon en valor a consolidaci\u00f3n das feiras \u2018Expomunicipal\u2019 e \u2018Enerx\u00e9tika\u2019 como o mellor escaparate das \u00faltimas innovaci\u00f3ns para os servizos municipais e o sector enerx\u00e9tico"},"content":{"rendered":"<ul>\n<li><strong>O conselleiro de Presidencia, Xustiza e Deportes, Diego Calvo, participou na inauguraci\u00f3n da dobre cita feiral que re\u00fane desde hoxe ata o venres a profesionais, empresas e administraci\u00f3ns para que intercambien experiencias e aproveiten as sinerx\u00edas que comparten os dous sectores<\/strong><\/li>\n<li><strong>Destacou o compromiso da Xunta cos concellos galegos con 670M\u20ac destinados este ano a trav\u00e9s, entre outras medidas, das li\u00f1as das axudas da Direcci\u00f3n Xeral de Administraci\u00f3n Local que se presentar\u00e1n ma\u00f1\u00e1 nunha das xornadas t\u00e9cnicas de \u2018Expomunicipal 2026\u2019<\/strong><\/li>\n<li><strong>Incidiu na necesidade dunha transici\u00f3n enerx\u00e9tica xusta e planificada que permita desenvolver as enerx\u00edas renovables, fortalecer o tecido industrial e garantir custos enerx\u00e9ticos competitivos<\/strong><\/li>\n<\/ul>\n<p><em>Silleda (Pontevedra), 25 de marzo de 2026.-\u00a0<\/em>O conselleiro de Presidencia, Xustiza e Deportes, Diego Calvo, participou hoxe na inauguraci\u00f3n da segunda edici\u00f3n de Expomunicipal e na quinta de Enerx\u00e9tika, xunto coa directora xeral de Administraci\u00f3n Local, Natalia Prieto; o director xeral de Planificaci\u00f3n Enerx\u00e9tica e Minas e director do Instituto Enerx\u00e9tico de Galicia (Inega), Pablo Fern\u00e1ndez Vilas; o delegado territorial da Xunta en Pontevedra, Agust\u00edn Reguera; e o director xeral da Fundaci\u00f3n Semana Verde de Galicia, Ricardo Dur\u00e1n.<\/p>\n<p>Durante o acto, Diego Calvo destacou a importancia de celebrar desde hoxe ata o venres ambos eventos, que se consolidan como escaparate das soluci\u00f3ns m\u00e1is innovadoras dos servizos municipais e do sector enerx\u00e9tico. Nesta li\u00f1a, incidiu na importancia de levar a cabo de maneira conxunta as d\u00faas feiras, xa que ofrecen unha oportunidade \u00fanica para que empresas, administraci\u00f3ns e profesionais intercambien experiencias e aproveiten as sinerx\u00edas que comparten estes sectores en \u00e1mbitos como a eficiencia enerx\u00e9tica, un dos eixos fundamentais para avanzar cara concellos e empresas m\u00e1is verdes, innovadoras e sostibles, en li\u00f1a cos obxectivos da Axenda 2030.<\/p>\n<p>Desde hoxe ata o venres, 27 de marzo, o recinto Feira Internacional de Galicia ABANCA acolle esta dobre cita que estes d\u00edas converte \u00e1 comunidade en referente a nivel peninsular na presentaci\u00f3n de soluci\u00f3ns tecnol\u00f3xicas e servizos avanzados tanto para o eido local como o enerx\u00e9tico. En conxunto, reunir\u00e1n ata 475 firmas expositoras de 22 pa\u00edses representadas por 167 expositores directos nunha superficie de m\u00e1is de 7.700 metros cadros e cun programa de actividades con m\u00e1is de 70 conferencias inclu\u00eddas nunha trintena xornadas e foros, as\u00ed como unha gran \u00e1rea divulgativa con talleres e demostraci\u00f3ns. Estas cifras supo\u00f1en que sexa o segundo maior evento profesional da Fundaci\u00f3n Semana Verde de Galicia en expositores directos e firmas.<\/p>\n<p>No que se refire a Expomunicipal, posta en marcha en 2024 con car\u00e1cter bienal, o conselleiro de Presidencia destacou que contin\u00faa a s\u00faa evoluci\u00f3n como un espazo orientado a achegar aos concellos galegos soluci\u00f3ns innovadoras para a xesti\u00f3n municipal. Ademais da \u00e1rea expositiva, conta cun programa de xornadas dirixidas a profesionais da administraci\u00f3n local, nas que se abordar\u00e1n cuesti\u00f3ns como a xesti\u00f3n de espazos p\u00fablicos ou a prestaci\u00f3n eficiente de servizos. Tam\u00e9n explicou que a Xunta presentar\u00e1 ma\u00f1\u00e1 nunha xornada t\u00e9cnica novas li\u00f1as de axudas destinadas \u00e1s entidades locais e veci\u00f1ais, entre elas, unha nova convocatoria dotada con 1 mill\u00f3n de euros para concellos de menos de 30.000 habitantes destinada \u00e1 adquisici\u00f3n de maquinaria vinculada \u00e1 prevenci\u00f3n de incendios forestais<\/p>\n<p>Nesta li\u00f1a, Diego Calvo incidiu no compromiso da Xunta coas entidades locais, por exemplo, a trav\u00e9s da colaboraci\u00f3n o ano pasado en preto dun milleiro de proxectos a trav\u00e9s das distintas li\u00f1as de apoio da Direcci\u00f3n Xeral de Administraci\u00f3n Local. Ademais, a cont\u00eda destinada aos concellos galegos este ano por parte do Goberno galego -engadiu- ascende a 670 mill\u00f3ns de euros, o que sup\u00f3n unha cifra hist\u00f3rica.<\/p>\n<p>Neste sentido, destacou tam\u00e9n o avance no anteproxecto da Lei de Administraci\u00f3n Local de Galicia, coa que o Goberno galego pretende adaptar o marco normativo \u00e1 realidade actual, modernizar a xesti\u00f3n das entidades locais, clarificar competencias, establecer un r\u00e9xime espec\u00edfico de municipios do reto demogr\u00e1fico, impulsar novas f\u00f3rmulas innovadoras de cooperaci\u00f3n municipal e mellorar o sistema de financiamento local, pese a que \u00e9 unha competencia estatal<\/p>\n<p>Por outra parte, no que se refire a Enerx\u00e9tika, o conselleiro de Presidencia sinalou que se consolida como un certame de referencia para analizar a evoluci\u00f3n do sector enerx\u00e9tico e os retos da transici\u00f3n enerx\u00e9tica. As\u00ed, incidiu na necesidade dunha transici\u00f3n enerx\u00e9tica xusta e planificada que permita desenvolver as enerx\u00edas renovables, fortalecer o tecido industrial e garantir custos enerx\u00e9ticos competitivos.<\/p>\n<p><strong><a href=\"https:\/\/photos.app.goo.gl\/UziA1HmFBtKzcBCn7\" target=\"_blank\" rel=\"noopener\">&gt;&gt;&gt; + Fotos das feiras Enerx\u00e9tika e Expomunicipal<\/a><\/strong><\/p>\n","protected":false},"excerpt":{"rendered":"<p>O conselleiro de Presidencia, Xustiza e Deportes, Diego Calvo, participou na inauguraci\u00f3n da dobre cita feiral que re\u00fane desde hoxe ata o venres a profesionais, empresas e administraci\u00f3ns para que intercambien experiencias e aproveiten as sinerx\u00edas que comparten os dous sectores Destacou o compromiso da Xunta cos concellos galegos con 670M\u20ac destinados este ano a &#8230; <a title=\"A Xunta pon en valor a consolidaci\u00f3n das feiras \u2018Expomunicipal\u2019 e \u2018Enerx\u00e9tika\u2019 como o mellor escaparate das \u00faltimas innovaci\u00f3ns para os servizos municipais e o sector enerx\u00e9tico\" class=\"read-more\" href=\"https:\/\/www.expomunicipal.es\/gl\/la-xunta-pone-en-valor-la-consolidacion-de-las-ferias-expomunicipal-y-enerxetika-como-el-mejor-escaparate-de-las-ultimas-innovaciones-para-los-servicios-municipales-y-el-sector-energetico\/\" aria-label=\"M\u00e1is en A Xunta pon en valor a consolidaci\u00f3n das feiras \u2018Expomunicipal\u2019 e \u2018Enerx\u00e9tika\u2019 como o mellor escaparate das \u00faltimas innovaci\u00f3ns para os servizos municipais e o sector enerx\u00e9tico\">Ler m\u00e1is<\/a><\/p>\n","protected":false},"author":1,"featured_media":4320,"comment_status":"closed","ping_status":"closed","sticky":false,"template":"","format":"standard","meta":{"footnotes":""},"categories":[18],"tags":[],"class_list":["post-4322","post","type-post","status-publish","format-standard","has-post-thumbnail","hentry","category-uncategorized-gl"],"acf":[],"yoast_head":"<!-- This site is optimized with the Yoast SEO plugin v20.4 - https:\/\/yoast.com\/wordpress\/plugins\/seo\/ -->\n<title>A Xunta pon en valor a consolidaci\u00f3n das feiras \u2018Expomunicipal\u2019 e \u2018Enerx\u00e9tika\u2019 como o mellor escaparate das \u00faltimas innovaci\u00f3ns para os servizos municipais e o sector enerx\u00e9tico - EXPOMUNICIPAL<\/title>\n<meta name=\"robots\" content=\"index, follow, max-snippet:-1, max-image-preview:large, max-video-preview:-1\" \/>\n<link rel=\"canonical\" href=\"https:\/\/www.expomunicipal.es\/gl\/la-xunta-pone-en-valor-la-consolidacion-de-las-ferias-expomunicipal-y-enerxetika-como-el-mejor-escaparate-de-las-ultimas-innovaciones-para-los-servicios-municipales-y-el-sector-energetico\/\" \/>\n<meta property=\"og:locale\" content=\"gl_ES\" \/>\n<meta property=\"og:type\" content=\"article\" \/>\n<meta property=\"og:title\" content=\"A Xunta pon en valor a consolidaci\u00f3n das feiras \u2018Expomunicipal\u2019 e \u2018Enerx\u00e9tika\u2019 como o mellor escaparate das \u00faltimas innovaci\u00f3ns para os servizos municipais e o sector enerx\u00e9tico - EXPOMUNICIPAL\" \/>\n<meta property=\"og:description\" content=\"O conselleiro de Presidencia, Xustiza e Deportes, Diego Calvo, participou na inauguraci\u00f3n da dobre cita feiral que re\u00fane desde hoxe ata o venres a profesionais, empresas e administraci\u00f3ns para que intercambien experiencias e aproveiten as sinerx\u00edas que comparten os dous sectores Destacou o compromiso da Xunta cos concellos galegos con 670M\u20ac destinados este ano a ... Ler m\u00e1is\" \/>\n<meta property=\"og:url\" content=\"https:\/\/www.expomunicipal.es\/gl\/la-xunta-pone-en-valor-la-consolidacion-de-las-ferias-expomunicipal-y-enerxetika-como-el-mejor-escaparate-de-las-ultimas-innovaciones-para-los-servicios-municipales-y-el-sector-energetico\/\" \/>\n<meta property=\"og:site_name\" content=\"EXPOMUNICIPAL\" \/>\n<meta property=\"article:publisher\" content=\"https:\/\/www.facebook.com\/feriaSEDEXPO\" \/>\n<meta property=\"article:published_time\" content=\"2026-03-25T18:09:17+00:00\" \/>\n<meta property=\"article:modified_time\" content=\"2026-03-25T18:15:40+00:00\" \/>\n<meta property=\"og:image\" content=\"https:\/\/www.expomunicipal.es\/wp-content\/uploads\/2026\/03\/IMG_20260325_160745.jpg\" \/>\n\t<meta property=\"og:image:width\" content=\"2273\" \/>\n\t<meta property=\"og:image:height\" content=\"1279\" \/>\n\t<meta property=\"og:image:type\" content=\"image\/jpeg\" \/>\n<meta name=\"author\" content=\"admin@SedExpo\" \/>\n<meta name=\"twitter:card\" content=\"summary_large_image\" \/>\n<meta name=\"twitter:creator\" content=\"@feriasedexpo\" \/>\n<meta name=\"twitter:site\" content=\"@feriasedexpo\" \/>\n<meta name=\"twitter:label1\" content=\"Escrito por\" \/>\n\t<meta name=\"twitter:data1\" content=\"admin@SedExpo\" \/>\n\t<meta name=\"twitter:label2\" content=\"Tempo de lectura\" \/>\n\t<meta name=\"twitter:data2\" content=\"4 minutos\" \/>\n<script type=\"application\/ld+json\" class=\"yoast-schema-graph\">{\"@context\":\"https:\/\/schema.org\",\"@graph\":[{\"@type\":\"Article\",\"@id\":\"https:\/\/www.expomunicipal.es\/gl\/la-xunta-pone-en-valor-la-consolidacion-de-las-ferias-expomunicipal-y-enerxetika-como-el-mejor-escaparate-de-las-ultimas-innovaciones-para-los-servicios-municipales-y-el-sector-energetico\/#article\",\"isPartOf\":{\"@id\":\"https:\/\/www.expomunicipal.es\/gl\/la-xunta-pone-en-valor-la-consolidacion-de-las-ferias-expomunicipal-y-enerxetika-como-el-mejor-escaparate-de-las-ultimas-innovaciones-para-los-servicios-municipales-y-el-sector-energetico\/\"},\"author\":{\"name\":\"admin@SedExpo\",\"@id\":\"https:\/\/www.expomunicipal.es\/gl\/#\/schema\/person\/1fc7315d6712a25472b2c1ce06566872\"},\"headline\":\"A Xunta pon en valor a consolidaci\u00f3n das feiras \u2018Expomunicipal\u2019 e \u2018Enerx\u00e9tika\u2019 como o mellor escaparate das \u00faltimas innovaci\u00f3ns para os servizos municipais e o sector enerx\u00e9tico\",\"datePublished\":\"2026-03-25T18:09:17+00:00\",\"dateModified\":\"2026-03-25T18:15:40+00:00\",\"mainEntityOfPage\":{\"@id\":\"https:\/\/www.expomunicipal.es\/gl\/la-xunta-pone-en-valor-la-consolidacion-de-las-ferias-expomunicipal-y-enerxetika-como-el-mejor-escaparate-de-las-ultimas-innovaciones-para-los-servicios-municipales-y-el-sector-energetico\/\"},\"wordCount\":828,\"publisher\":{\"@id\":\"https:\/\/www.expomunicipal.es\/gl\/#organization\"},\"articleSection\":[\"Uncategorized @gl\"],\"inLanguage\":\"gl-ES\"},{\"@type\":\"WebPage\",\"@id\":\"https:\/\/www.expomunicipal.es\/gl\/la-xunta-pone-en-valor-la-consolidacion-de-las-ferias-expomunicipal-y-enerxetika-como-el-mejor-escaparate-de-las-ultimas-innovaciones-para-los-servicios-municipales-y-el-sector-energetico\/\",\"url\":\"https:\/\/www.expomunicipal.es\/gl\/la-xunta-pone-en-valor-la-consolidacion-de-las-ferias-expomunicipal-y-enerxetika-como-el-mejor-escaparate-de-las-ultimas-innovaciones-para-los-servicios-municipales-y-el-sector-energetico\/\",\"name\":\"A Xunta pon en valor a consolidaci\u00f3n das feiras \u2018Expomunicipal\u2019 e \u2018Enerx\u00e9tika\u2019 como o mellor escaparate das \u00faltimas innovaci\u00f3ns para os servizos municipais e o sector enerx\u00e9tico - EXPOMUNICIPAL\",\"isPartOf\":{\"@id\":\"https:\/\/www.expomunicipal.es\/gl\/#website\"},\"datePublished\":\"2026-03-25T18:09:17+00:00\",\"dateModified\":\"2026-03-25T18:15:40+00:00\",\"breadcrumb\":{\"@id\":\"https:\/\/www.expomunicipal.es\/gl\/la-xunta-pone-en-valor-la-consolidacion-de-las-ferias-expomunicipal-y-enerxetika-como-el-mejor-escaparate-de-las-ultimas-innovaciones-para-los-servicios-municipales-y-el-sector-energetico\/#breadcrumb\"},\"inLanguage\":\"gl-ES\",\"potentialAction\":[{\"@type\":\"ReadAction\",\"target\":[\"https:\/\/www.expomunicipal.es\/gl\/la-xunta-pone-en-valor-la-consolidacion-de-las-ferias-expomunicipal-y-enerxetika-como-el-mejor-escaparate-de-las-ultimas-innovaciones-para-los-servicios-municipales-y-el-sector-energetico\/\"]}]},{\"@type\":\"BreadcrumbList\",\"@id\":\"https:\/\/www.expomunicipal.es\/gl\/la-xunta-pone-en-valor-la-consolidacion-de-las-ferias-expomunicipal-y-enerxetika-como-el-mejor-escaparate-de-las-ultimas-innovaciones-para-los-servicios-municipales-y-el-sector-energetico\/#breadcrumb\",\"itemListElement\":[{\"@type\":\"ListItem\",\"position\":1,\"name\":\"Portada\",\"item\":\"https:\/\/www.expomunicipal.es\/gl\/\"},{\"@type\":\"ListItem\",\"position\":2,\"name\":\"A Xunta pon en valor a consolidaci\u00f3n das feiras \u2018Expomunicipal\u2019 e \u2018Enerx\u00e9tika\u2019 como o mellor escaparate das \u00faltimas innovaci\u00f3ns para os servizos municipais e o sector enerx\u00e9tico\"}]},{\"@type\":\"WebSite\",\"@id\":\"https:\/\/www.expomunicipal.es\/gl\/#website\",\"url\":\"https:\/\/www.expomunicipal.es\/gl\/\",\"name\":\"EXPOMUNICIPAL\",\"description\":\"Feria de Servicios Municipales\",\"publisher\":{\"@id\":\"https:\/\/www.expomunicipal.es\/gl\/#organization\"},\"potentialAction\":[{\"@type\":\"SearchAction\",\"target\":{\"@type\":\"EntryPoint\",\"urlTemplate\":\"https:\/\/www.expomunicipal.es\/gl\/?s={search_term_string}\"},\"query-input\":\"required name=search_term_string\"}],\"inLanguage\":\"gl-ES\"},{\"@type\":\"Organization\",\"@id\":\"https:\/\/www.expomunicipal.es\/gl\/#organization\",\"name\":\"SEDEXPO\",\"url\":\"https:\/\/www.expomunicipal.es\/gl\/\",\"logo\":{\"@type\":\"ImageObject\",\"inLanguage\":\"gl-ES\",\"@id\":\"https:\/\/www.expomunicipal.es\/gl\/#\/schema\/logo\/image\/\",\"url\":\"https:\/\/www.expobusiberia.comwp-content\/uploads\/2022\/02\/sedexpo-logo.png\",\"contentUrl\":\"https:\/\/www.expobusiberia.comwp-content\/uploads\/2022\/02\/sedexpo-logo.png\",\"width\":556,\"height\":556,\"caption\":\"SEDEXPO\"},\"image\":{\"@id\":\"https:\/\/www.expomunicipal.es\/gl\/#\/schema\/logo\/image\/\"},\"sameAs\":[\"https:\/\/www.facebook.com\/feriaSEDEXPO\",\"https:\/\/twitter.com\/feriasedexpo\",\"https:\/\/es.linkedin.com\/company\/sedexpo\"]},{\"@type\":\"Person\",\"@id\":\"https:\/\/www.expomunicipal.es\/gl\/#\/schema\/person\/1fc7315d6712a25472b2c1ce06566872\",\"name\":\"admin@SedExpo\",\"image\":{\"@type\":\"ImageObject\",\"inLanguage\":\"gl-ES\",\"@id\":\"https:\/\/www.expomunicipal.es\/gl\/#\/schema\/person\/image\/\",\"url\":\"https:\/\/secure.gravatar.com\/avatar\/2aee3a429c5c84b2486f82e4bb736b27e478d3632de0946f5aba7087273fe2cb?s=96&d=mm&r=g\",\"contentUrl\":\"https:\/\/secure.gravatar.com\/avatar\/2aee3a429c5c84b2486f82e4bb736b27e478d3632de0946f5aba7087273fe2cb?s=96&d=mm&r=g\",\"caption\":\"admin@SedExpo\"},\"sameAs\":[\"https:\/\/sedexpo.com\"],\"url\":\"https:\/\/www.expomunicipal.es\/gl\/author\/adminsedexpo\/\"}]}<\/script>\n<!-- \/ Yoast SEO plugin. -->","yoast_head_json":{"title":"A Xunta pon en valor a consolidaci\u00f3n das feiras \u2018Expomunicipal\u2019 e \u2018Enerx\u00e9tika\u2019 como o mellor escaparate das \u00faltimas innovaci\u00f3ns para os servizos municipais e o sector enerx\u00e9tico - EXPOMUNICIPAL","robots":{"index":"index","follow":"follow","max-snippet":"max-snippet:-1","max-image-preview":"max-image-preview:large","max-video-preview":"max-video-preview:-1"},"canonical":"https:\/\/www.expomunicipal.es\/gl\/la-xunta-pone-en-valor-la-consolidacion-de-las-ferias-expomunicipal-y-enerxetika-como-el-mejor-escaparate-de-las-ultimas-innovaciones-para-los-servicios-municipales-y-el-sector-energetico\/","og_locale":"gl_ES","og_type":"article","og_title":"A Xunta pon en valor a consolidaci\u00f3n das feiras \u2018Expomunicipal\u2019 e \u2018Enerx\u00e9tika\u2019 como o mellor escaparate das \u00faltimas innovaci\u00f3ns para os servizos municipais e o sector enerx\u00e9tico - EXPOMUNICIPAL","og_description":"O conselleiro de Presidencia, Xustiza e Deportes, Diego Calvo, participou na inauguraci\u00f3n da dobre cita feiral que re\u00fane desde hoxe ata o venres a profesionais, empresas e administraci\u00f3ns para que intercambien experiencias e aproveiten as sinerx\u00edas que comparten os dous sectores Destacou o compromiso da Xunta cos concellos galegos con 670M\u20ac destinados este ano a ... Ler m\u00e1is","og_url":"https:\/\/www.expomunicipal.es\/gl\/la-xunta-pone-en-valor-la-consolidacion-de-las-ferias-expomunicipal-y-enerxetika-como-el-mejor-escaparate-de-las-ultimas-innovaciones-para-los-servicios-municipales-y-el-sector-energetico\/","og_site_name":"EXPOMUNICIPAL","article_publisher":"https:\/\/www.facebook.com\/feriaSEDEXPO","article_published_time":"2026-03-25T18:09:17+00:00","article_modified_time":"2026-03-25T18:15:40+00:00","og_image":[{"width":2273,"height":1279,"url":"https:\/\/www.expomunicipal.es\/wp-content\/uploads\/2026\/03\/IMG_20260325_160745.jpg","type":"image\/jpeg"}],"author":"admin@SedExpo","twitter_card":"summary_large_image","twitter_creator":"@feriasedexpo","twitter_site":"@feriasedexpo","twitter_misc":{"Escrito por":"admin@SedExpo","Tempo de lectura":"4 minutos"},"schema":{"@context":"https:\/\/schema.org","@graph":[{"@type":"Article","@id":"https:\/\/www.expomunicipal.es\/gl\/la-xunta-pone-en-valor-la-consolidacion-de-las-ferias-expomunicipal-y-enerxetika-como-el-mejor-escaparate-de-las-ultimas-innovaciones-para-los-servicios-municipales-y-el-sector-energetico\/#article","isPartOf":{"@id":"https:\/\/www.expomunicipal.es\/gl\/la-xunta-pone-en-valor-la-consolidacion-de-las-ferias-expomunicipal-y-enerxetika-como-el-mejor-escaparate-de-las-ultimas-innovaciones-para-los-servicios-municipales-y-el-sector-energetico\/"},"author":{"name":"admin@SedExpo","@id":"https:\/\/www.expomunicipal.es\/gl\/#\/schema\/person\/1fc7315d6712a25472b2c1ce06566872"},"headline":"A Xunta pon en valor a consolidaci\u00f3n das feiras \u2018Expomunicipal\u2019 e \u2018Enerx\u00e9tika\u2019 como o mellor escaparate das \u00faltimas innovaci\u00f3ns para os servizos municipais e o sector enerx\u00e9tico","datePublished":"2026-03-25T18:09:17+00:00","dateModified":"2026-03-25T18:15:40+00:00","mainEntityOfPage":{"@id":"https:\/\/www.expomunicipal.es\/gl\/la-xunta-pone-en-valor-la-consolidacion-de-las-ferias-expomunicipal-y-enerxetika-como-el-mejor-escaparate-de-las-ultimas-innovaciones-para-los-servicios-municipales-y-el-sector-energetico\/"},"wordCount":828,"publisher":{"@id":"https:\/\/www.expomunicipal.es\/gl\/#organization"},"articleSection":["Uncategorized @gl"],"inLanguage":"gl-ES"},{"@type":"WebPage","@id":"https:\/\/www.expomunicipal.es\/gl\/la-xunta-pone-en-valor-la-consolidacion-de-las-ferias-expomunicipal-y-enerxetika-como-el-mejor-escaparate-de-las-ultimas-innovaciones-para-los-servicios-municipales-y-el-sector-energetico\/","url":"https:\/\/www.expomunicipal.es\/gl\/la-xunta-pone-en-valor-la-consolidacion-de-las-ferias-expomunicipal-y-enerxetika-como-el-mejor-escaparate-de-las-ultimas-innovaciones-para-los-servicios-municipales-y-el-sector-energetico\/","name":"A Xunta pon en valor a consolidaci\u00f3n das feiras \u2018Expomunicipal\u2019 e \u2018Enerx\u00e9tika\u2019 como o mellor escaparate das \u00faltimas innovaci\u00f3ns para os servizos municipais e o sector enerx\u00e9tico - EXPOMUNICIPAL","isPartOf":{"@id":"https:\/\/www.expomunicipal.es\/gl\/#website"},"datePublished":"2026-03-25T18:09:17+00:00","dateModified":"2026-03-25T18:15:40+00:00","breadcrumb":{"@id":"https:\/\/www.expomunicipal.es\/gl\/la-xunta-pone-en-valor-la-consolidacion-de-las-ferias-expomunicipal-y-enerxetika-como-el-mejor-escaparate-de-las-ultimas-innovaciones-para-los-servicios-municipales-y-el-sector-energetico\/#breadcrumb"},"inLanguage":"gl-ES","potentialAction":[{"@type":"ReadAction","target":["https:\/\/www.expomunicipal.es\/gl\/la-xunta-pone-en-valor-la-consolidacion-de-las-ferias-expomunicipal-y-enerxetika-como-el-mejor-escaparate-de-las-ultimas-innovaciones-para-los-servicios-municipales-y-el-sector-energetico\/"]}]},{"@type":"BreadcrumbList","@id":"https:\/\/www.expomunicipal.es\/gl\/la-xunta-pone-en-valor-la-consolidacion-de-las-ferias-expomunicipal-y-enerxetika-como-el-mejor-escaparate-de-las-ultimas-innovaciones-para-los-servicios-municipales-y-el-sector-energetico\/#breadcrumb","itemListElement":[{"@type":"ListItem","position":1,"name":"Portada","item":"https:\/\/www.expomunicipal.es\/gl\/"},{"@type":"ListItem","position":2,"name":"A Xunta pon en valor a consolidaci\u00f3n das feiras \u2018Expomunicipal\u2019 e \u2018Enerx\u00e9tika\u2019 como o mellor escaparate das \u00faltimas innovaci\u00f3ns para os servizos municipais e o sector enerx\u00e9tico"}]},{"@type":"WebSite","@id":"https:\/\/www.expomunicipal.es\/gl\/#website","url":"https:\/\/www.expomunicipal.es\/gl\/","name":"EXPOMUNICIPAL","description":"Feria de Servicios Municipales","publisher":{"@id":"https:\/\/www.expomunicipal.es\/gl\/#organization"},"potentialAction":[{"@type":"SearchAction","target":{"@type":"EntryPoint","urlTemplate":"https:\/\/www.expomunicipal.es\/gl\/?s={search_term_string}"},"query-input":"required name=search_term_string"}],"inLanguage":"gl-ES"},{"@type":"Organization","@id":"https:\/\/www.expomunicipal.es\/gl\/#organization","name":"SEDEXPO","url":"https:\/\/www.expomunicipal.es\/gl\/","logo":{"@type":"ImageObject","inLanguage":"gl-ES","@id":"https:\/\/www.expomunicipal.es\/gl\/#\/schema\/logo\/image\/","url":"https:\/\/www.expobusiberia.comwp-content\/uploads\/2022\/02\/sedexpo-logo.png","contentUrl":"https:\/\/www.expobusiberia.comwp-content\/uploads\/2022\/02\/sedexpo-logo.png","width":556,"height":556,"caption":"SEDEXPO"},"image":{"@id":"https:\/\/www.expomunicipal.es\/gl\/#\/schema\/logo\/image\/"},"sameAs":["https:\/\/www.facebook.com\/feriaSEDEXPO","https:\/\/twitter.com\/feriasedexpo","https:\/\/es.linkedin.com\/company\/sedexpo"]},{"@type":"Person","@id":"https:\/\/www.expomunicipal.es\/gl\/#\/schema\/person\/1fc7315d6712a25472b2c1ce06566872","name":"admin@SedExpo","image":{"@type":"ImageObject","inLanguage":"gl-ES","@id":"https:\/\/www.expomunicipal.es\/gl\/#\/schema\/person\/image\/","url":"https:\/\/secure.gravatar.com\/avatar\/2aee3a429c5c84b2486f82e4bb736b27e478d3632de0946f5aba7087273fe2cb?s=96&d=mm&r=g","contentUrl":"https:\/\/secure.gravatar.com\/avatar\/2aee3a429c5c84b2486f82e4bb736b27e478d3632de0946f5aba7087273fe2cb?s=96&d=mm&r=g","caption":"admin@SedExpo"},"sameAs":["https:\/\/sedexpo.com"],"url":"https:\/\/www.expomunicipal.es\/gl\/author\/adminsedexpo\/"}]}},"_links":{"self":[{"href":"https:\/\/www.expomunicipal.es\/gl\/wp-json\/wp\/v2\/posts\/4322","targetHints":{"allow":["GET"]}}],"collection":[{"href":"https:\/\/www.expomunicipal.es\/gl\/wp-json\/wp\/v2\/posts"}],"about":[{"href":"https:\/\/www.expomunicipal.es\/gl\/wp-json\/wp\/v2\/types\/post"}],"author":[{"embeddable":true,"href":"https:\/\/www.expomunicipal.es\/gl\/wp-json\/wp\/v2\/users\/1"}],"replies":[{"embeddable":true,"href":"https:\/\/www.expomunicipal.es\/gl\/wp-json\/wp\/v2\/comments?post=4322"}],"version-history":[{"count":2,"href":"https:\/\/www.expomunicipal.es\/gl\/wp-json\/wp\/v2\/posts\/4322\/revisions"}],"predecessor-version":[{"id":4324,"href":"https:\/\/www.expomunicipal.es\/gl\/wp-json\/wp\/v2\/posts\/4322\/revisions\/4324"}],"wp:featuredmedia":[{"embeddable":true,"href":"https:\/\/www.expomunicipal.es\/gl\/wp-json\/wp\/v2\/media\/4320"}],"wp:attachment":[{"href":"https:\/\/www.expomunicipal.es\/gl\/wp-json\/wp\/v2\/media?parent=4322"}],"wp:term":[{"taxonomy":"category","embeddable":true,"href":"https:\/\/www.expomunicipal.es\/gl\/wp-json\/wp\/v2\/categories?post=4322"},{"taxonomy":"post_tag","embeddable":true,"href":"https:\/\/www.expomunicipal.es\/gl\/wp-json\/wp\/v2\/tags?post=4322"}],"curies":[{"name":"wp","href":"https:\/\/api.w.org\/{rel}","templated":true}]}}