{"id":4304,"date":"2026-03-23T14:28:15","date_gmt":"2026-03-23T14:28:15","guid":{"rendered":"https:\/\/www.expomunicipal.es\/la-xunta-presenta-las-nuevas-ediciones-de-expomunicipal-2026-y-enerxetika-que-acercaran-soluciones-para-prestar-servicios-municipales-de-calidad-a-las-entidades-locales-y-las-ultimas-innovacio\/"},"modified":"2026-03-23T14:31:26","modified_gmt":"2026-03-23T14:31:26","slug":"la-xunta-presenta-las-nuevas-ediciones-de-expomunicipal-2026-y-enerxetika-que-acercaran-soluciones-para-prestar-servicios-municipales-de-calidad-a-las-entidades-locales-y-las-ultimas-innovacio","status":"publish","type":"post","link":"https:\/\/www.expomunicipal.es\/gl\/la-xunta-presenta-las-nuevas-ediciones-de-expomunicipal-2026-y-enerxetika-que-acercaran-soluciones-para-prestar-servicios-municipales-de-calidad-a-las-entidades-locales-y-las-ultimas-innovacio\/","title":{"rendered":"A Xunta presenta as novas edici\u00f3ns de \u2018Expomunicipal 2026\u2019 e \u2018Enerx\u00e9tika\u2019 que achegar\u00e1n soluci\u00f3ns para prestar servizos municipais de calidade \u00e1s entidades locais e as \u00faltimas innovaci\u00f3ns no \u00e1mbito da enerx\u00eda"},"content":{"rendered":"<ul>\n<li><strong>A directora xeral de Administraci\u00f3n Local, Natalia Prieto, e o director xeral de Planificaci\u00f3n Enerx\u00e9tica e Minas, Pablo Fern\u00e1ndez Vilas, presentaron xunto co director da Fundaci\u00f3n Semana Verde Galicia, Ricardo Dur\u00e1n, ambas feiras que se celebran esta semana no recinto Feira Internacional de Galicia ABANCA de Silleda<\/strong><\/li>\n<li><strong>Reunir\u00e1n en conxunto nunha superficie de m\u00e1is de 7.700 metros cadrados netos 475 firmas expositoras dunha vintena de pa\u00edses representadas por 167 expositores directos e cun amplo programa de actividades con m\u00e1is de 70 conferencias inclu\u00eddas nunha trintena xornadas e foros, as\u00ed como unha gran \u00e1rea divulgativa con talleres e demostraci\u00f3ns<\/strong><\/li>\n<\/ul>\n<p><strong>Santiago de Compostela, 23 de marzo de 2026.- <\/strong>A directora xeral de Administraci\u00f3n Local, Natalia Prieto, o director xeral de Planificaci\u00f3n Enerx\u00e9tica e Minas e director do Instituto Enerx\u00e9tico de Galicia (Inega), Pablo Fern\u00e1ndez Vilas, e o director da Fundaci\u00f3n Semana Verde de Galicia, Ricardo Dur\u00e1n, presentaron esta ma\u00f1\u00e1 a segunda edici\u00f3n da Feira galega de servizos municipais,\u00a0<em>ExpoMunicipal 2026<\/em>, e a quinta da Feira da enerx\u00eda<em>\u00a0Enerx\u00e9tika<\/em>\u00a0que se celebrar\u00e1 esta semana. Ao acto tam\u00e9n asistiu o vicepresidente primeiro da Federaci\u00f3n Galega de Municipios e Provincias (Fegamp), \u00c1ngel Moldes.<\/p>\n<p>A dobre cita desenvolverase do m\u00e9rcores 25 ata o venres 27 de marzo, no recinto Feira Internacional de Galicia ABANCA de Silleda coa participaci\u00f3n de ata 475 firmas expositoras dunha vintena de pa\u00edses representadas por 167 expositores directos nunha superficie de m\u00e1is de 7.700 metros cadrados netos e cun programa de actividades con m\u00e1is de 70 conferencias inclu\u00eddas nunha trintena xornadas e foros, as\u00ed como unha gran \u00e1rea divulgativa e talleres e demostraci\u00f3ns de produtos e servizos.<\/p>\n<p>Os eventos amosar\u00e1n as \u00faltimas tecnolox\u00edas, produtos e servizos m\u00e1is eficientes que calquera entidade local poida necesitar para a s\u00faa xesti\u00f3n municipal e a prestaci\u00f3n dos seus servizos, as\u00ed como un espazo de converxencia entre empresas, instituci\u00f3ns, profesionais e consumidores para medir a transformaci\u00f3n do sector da enerx\u00eda.<\/p>\n<p>Por unha parte, no que se refire a\u00a0<em>ExpoMunicipal<\/em>, Natalia Prieto destacou que nesta nova edici\u00f3n pret\u00e9ndese dar resposta \u00e1s necesidades e retos das entidades locais ante o escenario actual co obxectivo de acadar \u201cespazos m\u00e1is sostibles, eficientes, accesibles, seguros e verdes\u201d. Deste xeito, na \u00e1rea expositiva daranse a co\u00f1ecer aos xestores municipais -corporaci\u00f3ns municipais, empresas de servizos e tecnol\u00f3xicas, t\u00e9cnicos municipais, aparelladores e arquitectos, profesionais de enxe\u00f1ar\u00eda ou consultar\u00eda- todas as soluci\u00f3ns e \u00faltimas innovaci\u00f3ns que permitan aos concellos planificar os seus investimentos e ofrecer servizos municipais de calidade.<\/p>\n<p>Nunha superficie de m\u00e1is de 4.100 metros cadrados netos con 68 expositores de catro pa\u00edses que representan a 239 firmas expositoras de 18 pa\u00edses estar\u00e1n representados sectores relacionados co mobiliario urbano, limpeza, ciclo da auga, xesti\u00f3n e tratamento de residuos, medio ambiente, enerx\u00edas alternativas, obra p\u00fablica, sinalizaci\u00f3n, xardiner\u00eda e paisaxismo, cubertas vexetais, mobilidade urbana, control de acceso a instalaci\u00f3ns deportivas e de ocio, iluminaci\u00f3n, xesti\u00f3n cultural, concesionarias, aluguer e venda de maquinaria, organizaci\u00f3n de tr\u00e1fico, servizos lox\u00edsticos para eventos, seguridade e emerxencias, control de pragas, empresas certificadoras ou consultar\u00edas, entre outros.<\/p>\n<p>Esta edici\u00f3n -como explicou a directora xeral- c\u00e9ntrase na xesti\u00f3n e aproveitamento dos espazos verdes dos municipios. Por iso, ademais da \u00e1rea expositiva,\u00a0<em>ExpoMunicipal 2026<\/em>\u00a0ser\u00e1 un foro de reflexi\u00f3n e debate sobre temas de actualidade no \u00e1mbito da xesti\u00f3n municipal, a trav\u00e9s dun amplo programa de xornadas, talleres e demostraci\u00f3ns.<\/p>\n<p>A programaci\u00f3n conta con varias xornadas da Asociaci\u00f3n Galega de Empresas de Xardiner\u00eda (Agaexar)\u00a0 sobre asuntos como a elecci\u00f3n de arboredo p\u00fablico, a transici\u00f3n de maquinaria de xardiner\u00eda de combusti\u00f3n a el\u00e9ctrica de bater\u00eda e a xesti\u00f3n municipal de residuos verdes. Ademais, prevese outras xornadas como a organizada por Cogami Empresarial sobre o papel dos hortos urbanos, a da empresa Uretek sobre intervenci\u00f3n xeot\u00e9cnicas con inxecci\u00f3ns de resinas, a de Zerovelutina sobre trampeo avanzado contra a vespa velutina ou a da entidade Aucatel pola Entidade de Certificaci\u00f3n de Conformidade Municipal (Eccom).<\/p>\n<p>Por parte da Xunta, a directora xeral de Administraci\u00f3n Local participar\u00e1 o xoves 26 \u00e1s 11,30 horas nunha xornada t\u00e9cnica sobre as li\u00f1as que desde este departamento se destinan \u00e1s entidades locais, entre elas unha nova orde de 1 mill\u00f3n de euros cofinanciada con fondos europeos para a adquisici\u00f3n de maquinaria vinculada \u00e1 prevenci\u00f3n de incendios forestais. Ese mesmo d\u00eda, \u00e1s 12,30 horas, a Conseller\u00eda de Emprego, Comercio e Emigraci\u00f3n abordar\u00e1 os plans locais de econom\u00eda social e, en concreto, os proxectos piloto en Baiona e Ribadavia. Outra das xornadas t\u00e9cnicas prevista para o venres \u00e1s 10,30 horas est\u00e1 organizada entre Direcci\u00f3n Xeral de Administraci\u00f3n Local e o Instituto Enerx\u00e9tico de Galicia sobre os certificados de aforro enerx\u00e9tico no sector municipal.<\/p>\n<p>Ademais, a Academia Galega de Seguridade P\u00fablica (Agasp) organiza un encontro coas entidades locais para explicarlles a preparaci\u00f3n que est\u00e1 a recibir o alumnado da 18\u00aa promoci\u00f3n de Polic\u00eda Local que se forma na Academia. C\u00f3mpre aclarar que desta promoci\u00f3n forman parte os aspirantes que superaron os procesos selectivos unitarios de Polic\u00eda Local mediante convenios cos concellos que ceden esta competencia no Goberno galego.<\/p>\n<p>A programaci\u00f3n compl\u00e9tase cos talleres\u00a0<em>Reencantarnos coa noite<\/em>, organizados pola asociaci\u00f3n Slowlight, no marco dun proxecto pedag\u00f3xico para concienciar aos nenos e nenas sobre a importancia do uso responsable da iluminaci\u00f3n artificial nocturna, o que reflicte o compromiso da feira coa educaci\u00f3n e a conciencia ecol\u00f3xica.<\/p>\n<p>Por outra parte, no que se refire \u00e1 Feira\u00a0<em>Enerx\u00e9tika 2026<\/em>, o director xeral de Planificaci\u00f3n Enerx\u00e9tica e Recursos Naturais destacou a s\u00faa importancia tanto para o sector como para a cidadan\u00eda. As\u00ed, no momento actual a enerx\u00eda e protagonista por cuesti\u00f3ns como o apagamento de abril de 2025, a transici\u00f3n cara unha econom\u00eda descarbonizada \u201conde as renovables te\u00f1en que xogar un papel fundamental\u201d, subli\u00f1ou Fern\u00e1ndez Vila, ou a implantaci\u00f3n dos sistema de certificados de aforro enerx\u00e9tico (CAE) \u201cque permiten monetizar todas as actuaci\u00f3ns de eficiencia enerx\u00e9tica e obter un rendemento econ\u00f3mico&#8221;, lembrou.<\/p>\n<p><em>Enerx\u00e9tika 2026\u00a0<\/em>ocupa unha superficie de 3.612 metros cadrados nos que se dar\u00e1n cita 99 expositores de cinco pa\u00edses (Espa\u00f1a, Portugal, Francia, Italia e Alema\u00f1a) que representan 236 firmas expositoras de 17 pa\u00edses. A feira incl\u00fae un programa de conferencias orientadas tanto a profesionais como ao estudantado e consumidores en xeral. Celebraranse un total de 40 conferencias, nas que participar\u00e1n m\u00e1is de 70 expertos.<\/p>\n<p>A edici\u00f3n deste ano volve contar co Sal\u00f3n da Innovaci\u00f3n (SIE), un espazo no que se po\u00f1er\u00e1n en valor proxectos innovadores no \u00e1mbito da sustentabilidade, a eficiencia enerx\u00e9tica e as enerx\u00edas renovables. Nesta ocasi\u00f3n acoller\u00e1 a presentaci\u00f3n dos 13 proxectos seleccionados por un xurado independente formado por profesionais de prestixio con propostas tan diversas como sistemas autom\u00e1ticos de detecci\u00f3n e extinci\u00f3n de incendios para cadros el\u00e9ctricos e paneis cr\u00edticos; tecnolox\u00edas avanzadas para producir biometano a partir de biomasas residuais e mesmo unha plataforma dixital para reducir gastos de enerx\u00eda, tanto en fogares como negocios, entre outros.<\/p>\n<p>Unha grande \u00e1rea divulgativa promovida por Sotavento co apoio do Inega \u00a0-onde se aborda a eficiencia enerx\u00e9tica e os diferentes tipos de enerx\u00eda que existe- e talleres dirixidos a escolares de Educaci\u00f3n Secundaria e Bacharelato desenvolvidos pola Fundaci\u00f3n Naturgy, completan a oferta da Feira\u00a0<em>Enerx\u00e9tika 2026<\/em>.<\/p>\n","protected":false},"excerpt":{"rendered":"<p>A directora xeral de Administraci\u00f3n Local, Natalia Prieto, e o director xeral de Planificaci\u00f3n Enerx\u00e9tica e Minas, Pablo Fern\u00e1ndez Vilas, presentaron xunto co director da Fundaci\u00f3n Semana Verde Galicia, Ricardo Dur\u00e1n, ambas feiras que se celebran esta semana no recinto Feira Internacional de Galicia ABANCA de Silleda Reunir\u00e1n en conxunto nunha superficie de m\u00e1is de &#8230; <a title=\"A Xunta presenta as novas edici\u00f3ns de \u2018Expomunicipal 2026\u2019 e \u2018Enerx\u00e9tika\u2019 que achegar\u00e1n soluci\u00f3ns para prestar servizos municipais de calidade \u00e1s entidades locais e as \u00faltimas innovaci\u00f3ns no \u00e1mbito da enerx\u00eda\" class=\"read-more\" href=\"https:\/\/www.expomunicipal.es\/gl\/la-xunta-presenta-las-nuevas-ediciones-de-expomunicipal-2026-y-enerxetika-que-acercaran-soluciones-para-prestar-servicios-municipales-de-calidad-a-las-entidades-locales-y-las-ultimas-innovacio\/\" aria-label=\"M\u00e1is en A Xunta presenta as novas edici\u00f3ns de \u2018Expomunicipal 2026\u2019 e \u2018Enerx\u00e9tika\u2019 que achegar\u00e1n soluci\u00f3ns para prestar servizos municipais de calidade \u00e1s entidades locais e as \u00faltimas innovaci\u00f3ns no \u00e1mbito da enerx\u00eda\">Ler m\u00e1is<\/a><\/p>\n","protected":false},"author":1,"featured_media":4302,"comment_status":"closed","ping_status":"closed","sticky":false,"template":"","format":"standard","meta":{"footnotes":""},"categories":[18],"tags":[],"class_list":["post-4304","post","type-post","status-publish","format-standard","has-post-thumbnail","hentry","category-uncategorized-gl"],"acf":[],"yoast_head":"<!-- This site is optimized with the Yoast SEO plugin v20.4 - https:\/\/yoast.com\/wordpress\/plugins\/seo\/ -->\n<title>A Xunta presenta as novas edici\u00f3ns de \u2018Expomunicipal 2026\u2019 e \u2018Enerx\u00e9tika\u2019 que achegar\u00e1n soluci\u00f3ns para prestar servizos municipais de calidade \u00e1s entidades locais e as \u00faltimas innovaci\u00f3ns no \u00e1mbito da enerx\u00eda - EXPOMUNICIPAL<\/title>\n<meta name=\"robots\" content=\"index, follow, max-snippet:-1, max-image-preview:large, max-video-preview:-1\" \/>\n<link rel=\"canonical\" href=\"https:\/\/www.expomunicipal.es\/gl\/la-xunta-presenta-las-nuevas-ediciones-de-expomunicipal-2026-y-enerxetika-que-acercaran-soluciones-para-prestar-servicios-municipales-de-calidad-a-las-entidades-locales-y-las-ultimas-innovacio\/\" \/>\n<meta property=\"og:locale\" content=\"gl_ES\" \/>\n<meta property=\"og:type\" content=\"article\" \/>\n<meta property=\"og:title\" content=\"A Xunta presenta as novas edici\u00f3ns de \u2018Expomunicipal 2026\u2019 e \u2018Enerx\u00e9tika\u2019 que achegar\u00e1n soluci\u00f3ns para prestar servizos municipais de calidade \u00e1s entidades locais e as \u00faltimas innovaci\u00f3ns no \u00e1mbito da enerx\u00eda - EXPOMUNICIPAL\" \/>\n<meta property=\"og:description\" content=\"A directora xeral de Administraci\u00f3n Local, Natalia Prieto, e o director xeral de Planificaci\u00f3n Enerx\u00e9tica e Minas, Pablo Fern\u00e1ndez Vilas, presentaron xunto co director da Fundaci\u00f3n Semana Verde Galicia, Ricardo Dur\u00e1n, ambas feiras que se celebran esta semana no recinto Feira Internacional de Galicia ABANCA de Silleda Reunir\u00e1n en conxunto nunha superficie de m\u00e1is de ... Ler m\u00e1is\" \/>\n<meta property=\"og:url\" content=\"https:\/\/www.expomunicipal.es\/gl\/la-xunta-presenta-las-nuevas-ediciones-de-expomunicipal-2026-y-enerxetika-que-acercaran-soluciones-para-prestar-servicios-municipales-de-calidad-a-las-entidades-locales-y-las-ultimas-innovacio\/\" \/>\n<meta property=\"og:site_name\" content=\"EXPOMUNICIPAL\" \/>\n<meta property=\"article:publisher\" content=\"https:\/\/www.facebook.com\/feriaSEDEXPO\" \/>\n<meta property=\"article:published_time\" content=\"2026-03-23T14:28:15+00:00\" \/>\n<meta property=\"article:modified_time\" content=\"2026-03-23T14:31:26+00:00\" \/>\n<meta property=\"og:image\" content=\"https:\/\/www.expomunicipal.es\/wp-content\/uploads\/2026\/03\/20260323DXALPresentacionExpomunicipalEnerxetika-1-scaled.jpeg\" \/>\n\t<meta property=\"og:image:width\" content=\"2560\" \/>\n\t<meta property=\"og:image:height\" content=\"1564\" \/>\n\t<meta property=\"og:image:type\" content=\"image\/jpeg\" \/>\n<meta name=\"author\" content=\"admin@SedExpo\" \/>\n<meta name=\"twitter:card\" content=\"summary_large_image\" \/>\n<meta name=\"twitter:creator\" content=\"@feriasedexpo\" \/>\n<meta name=\"twitter:site\" content=\"@feriasedexpo\" \/>\n<meta name=\"twitter:label1\" content=\"Escrito por\" \/>\n\t<meta name=\"twitter:data1\" content=\"admin@SedExpo\" \/>\n\t<meta name=\"twitter:label2\" content=\"Tempo de lectura\" \/>\n\t<meta name=\"twitter:data2\" content=\"6 minutos\" \/>\n<script type=\"application\/ld+json\" class=\"yoast-schema-graph\">{\"@context\":\"https:\/\/schema.org\",\"@graph\":[{\"@type\":\"Article\",\"@id\":\"https:\/\/www.expomunicipal.es\/gl\/la-xunta-presenta-las-nuevas-ediciones-de-expomunicipal-2026-y-enerxetika-que-acercaran-soluciones-para-prestar-servicios-municipales-de-calidad-a-las-entidades-locales-y-las-ultimas-innovacio\/#article\",\"isPartOf\":{\"@id\":\"https:\/\/www.expomunicipal.es\/gl\/la-xunta-presenta-las-nuevas-ediciones-de-expomunicipal-2026-y-enerxetika-que-acercaran-soluciones-para-prestar-servicios-municipales-de-calidad-a-las-entidades-locales-y-las-ultimas-innovacio\/\"},\"author\":{\"name\":\"admin@SedExpo\",\"@id\":\"https:\/\/www.expomunicipal.es\/gl\/#\/schema\/person\/1fc7315d6712a25472b2c1ce06566872\"},\"headline\":\"A Xunta presenta as novas edici\u00f3ns de \u2018Expomunicipal 2026\u2019 e \u2018Enerx\u00e9tika\u2019 que achegar\u00e1n soluci\u00f3ns para prestar servizos municipais de calidade \u00e1s entidades locais e as \u00faltimas innovaci\u00f3ns no \u00e1mbito da enerx\u00eda\",\"datePublished\":\"2026-03-23T14:28:15+00:00\",\"dateModified\":\"2026-03-23T14:31:26+00:00\",\"mainEntityOfPage\":{\"@id\":\"https:\/\/www.expomunicipal.es\/gl\/la-xunta-presenta-las-nuevas-ediciones-de-expomunicipal-2026-y-enerxetika-que-acercaran-soluciones-para-prestar-servicios-municipales-de-calidad-a-las-entidades-locales-y-las-ultimas-innovacio\/\"},\"wordCount\":1332,\"publisher\":{\"@id\":\"https:\/\/www.expomunicipal.es\/gl\/#organization\"},\"articleSection\":[\"Uncategorized @gl\"],\"inLanguage\":\"gl-ES\"},{\"@type\":\"WebPage\",\"@id\":\"https:\/\/www.expomunicipal.es\/gl\/la-xunta-presenta-las-nuevas-ediciones-de-expomunicipal-2026-y-enerxetika-que-acercaran-soluciones-para-prestar-servicios-municipales-de-calidad-a-las-entidades-locales-y-las-ultimas-innovacio\/\",\"url\":\"https:\/\/www.expomunicipal.es\/gl\/la-xunta-presenta-las-nuevas-ediciones-de-expomunicipal-2026-y-enerxetika-que-acercaran-soluciones-para-prestar-servicios-municipales-de-calidad-a-las-entidades-locales-y-las-ultimas-innovacio\/\",\"name\":\"A Xunta presenta as novas edici\u00f3ns de \u2018Expomunicipal 2026\u2019 e \u2018Enerx\u00e9tika\u2019 que achegar\u00e1n soluci\u00f3ns para prestar servizos municipais de calidade \u00e1s entidades locais e as \u00faltimas innovaci\u00f3ns no \u00e1mbito da enerx\u00eda - EXPOMUNICIPAL\",\"isPartOf\":{\"@id\":\"https:\/\/www.expomunicipal.es\/gl\/#website\"},\"datePublished\":\"2026-03-23T14:28:15+00:00\",\"dateModified\":\"2026-03-23T14:31:26+00:00\",\"breadcrumb\":{\"@id\":\"https:\/\/www.expomunicipal.es\/gl\/la-xunta-presenta-las-nuevas-ediciones-de-expomunicipal-2026-y-enerxetika-que-acercaran-soluciones-para-prestar-servicios-municipales-de-calidad-a-las-entidades-locales-y-las-ultimas-innovacio\/#breadcrumb\"},\"inLanguage\":\"gl-ES\",\"potentialAction\":[{\"@type\":\"ReadAction\",\"target\":[\"https:\/\/www.expomunicipal.es\/gl\/la-xunta-presenta-las-nuevas-ediciones-de-expomunicipal-2026-y-enerxetika-que-acercaran-soluciones-para-prestar-servicios-municipales-de-calidad-a-las-entidades-locales-y-las-ultimas-innovacio\/\"]}]},{\"@type\":\"BreadcrumbList\",\"@id\":\"https:\/\/www.expomunicipal.es\/gl\/la-xunta-presenta-las-nuevas-ediciones-de-expomunicipal-2026-y-enerxetika-que-acercaran-soluciones-para-prestar-servicios-municipales-de-calidad-a-las-entidades-locales-y-las-ultimas-innovacio\/#breadcrumb\",\"itemListElement\":[{\"@type\":\"ListItem\",\"position\":1,\"name\":\"Portada\",\"item\":\"https:\/\/www.expomunicipal.es\/gl\/\"},{\"@type\":\"ListItem\",\"position\":2,\"name\":\"A Xunta presenta as novas edici\u00f3ns de \u2018Expomunicipal 2026\u2019 e \u2018Enerx\u00e9tika\u2019 que achegar\u00e1n soluci\u00f3ns para prestar servizos municipais de calidade \u00e1s entidades locais e as \u00faltimas innovaci\u00f3ns no \u00e1mbito da enerx\u00eda\"}]},{\"@type\":\"WebSite\",\"@id\":\"https:\/\/www.expomunicipal.es\/gl\/#website\",\"url\":\"https:\/\/www.expomunicipal.es\/gl\/\",\"name\":\"EXPOMUNICIPAL\",\"description\":\"Feria de Servicios Municipales\",\"publisher\":{\"@id\":\"https:\/\/www.expomunicipal.es\/gl\/#organization\"},\"potentialAction\":[{\"@type\":\"SearchAction\",\"target\":{\"@type\":\"EntryPoint\",\"urlTemplate\":\"https:\/\/www.expomunicipal.es\/gl\/?s={search_term_string}\"},\"query-input\":\"required name=search_term_string\"}],\"inLanguage\":\"gl-ES\"},{\"@type\":\"Organization\",\"@id\":\"https:\/\/www.expomunicipal.es\/gl\/#organization\",\"name\":\"SEDEXPO\",\"url\":\"https:\/\/www.expomunicipal.es\/gl\/\",\"logo\":{\"@type\":\"ImageObject\",\"inLanguage\":\"gl-ES\",\"@id\":\"https:\/\/www.expomunicipal.es\/gl\/#\/schema\/logo\/image\/\",\"url\":\"https:\/\/www.expobusiberia.comwp-content\/uploads\/2022\/02\/sedexpo-logo.png\",\"contentUrl\":\"https:\/\/www.expobusiberia.comwp-content\/uploads\/2022\/02\/sedexpo-logo.png\",\"width\":556,\"height\":556,\"caption\":\"SEDEXPO\"},\"image\":{\"@id\":\"https:\/\/www.expomunicipal.es\/gl\/#\/schema\/logo\/image\/\"},\"sameAs\":[\"https:\/\/www.facebook.com\/feriaSEDEXPO\",\"https:\/\/twitter.com\/feriasedexpo\",\"https:\/\/es.linkedin.com\/company\/sedexpo\"]},{\"@type\":\"Person\",\"@id\":\"https:\/\/www.expomunicipal.es\/gl\/#\/schema\/person\/1fc7315d6712a25472b2c1ce06566872\",\"name\":\"admin@SedExpo\",\"image\":{\"@type\":\"ImageObject\",\"inLanguage\":\"gl-ES\",\"@id\":\"https:\/\/www.expomunicipal.es\/gl\/#\/schema\/person\/image\/\",\"url\":\"https:\/\/secure.gravatar.com\/avatar\/2aee3a429c5c84b2486f82e4bb736b27e478d3632de0946f5aba7087273fe2cb?s=96&d=mm&r=g\",\"contentUrl\":\"https:\/\/secure.gravatar.com\/avatar\/2aee3a429c5c84b2486f82e4bb736b27e478d3632de0946f5aba7087273fe2cb?s=96&d=mm&r=g\",\"caption\":\"admin@SedExpo\"},\"sameAs\":[\"https:\/\/sedexpo.com\"],\"url\":\"https:\/\/www.expomunicipal.es\/gl\/author\/adminsedexpo\/\"}]}<\/script>\n<!-- \/ Yoast SEO plugin. -->","yoast_head_json":{"title":"A Xunta presenta as novas edici\u00f3ns de \u2018Expomunicipal 2026\u2019 e \u2018Enerx\u00e9tika\u2019 que achegar\u00e1n soluci\u00f3ns para prestar servizos municipais de calidade \u00e1s entidades locais e as \u00faltimas innovaci\u00f3ns no \u00e1mbito da enerx\u00eda - EXPOMUNICIPAL","robots":{"index":"index","follow":"follow","max-snippet":"max-snippet:-1","max-image-preview":"max-image-preview:large","max-video-preview":"max-video-preview:-1"},"canonical":"https:\/\/www.expomunicipal.es\/gl\/la-xunta-presenta-las-nuevas-ediciones-de-expomunicipal-2026-y-enerxetika-que-acercaran-soluciones-para-prestar-servicios-municipales-de-calidad-a-las-entidades-locales-y-las-ultimas-innovacio\/","og_locale":"gl_ES","og_type":"article","og_title":"A Xunta presenta as novas edici\u00f3ns de \u2018Expomunicipal 2026\u2019 e \u2018Enerx\u00e9tika\u2019 que achegar\u00e1n soluci\u00f3ns para prestar servizos municipais de calidade \u00e1s entidades locais e as \u00faltimas innovaci\u00f3ns no \u00e1mbito da enerx\u00eda - EXPOMUNICIPAL","og_description":"A directora xeral de Administraci\u00f3n Local, Natalia Prieto, e o director xeral de Planificaci\u00f3n Enerx\u00e9tica e Minas, Pablo Fern\u00e1ndez Vilas, presentaron xunto co director da Fundaci\u00f3n Semana Verde Galicia, Ricardo Dur\u00e1n, ambas feiras que se celebran esta semana no recinto Feira Internacional de Galicia ABANCA de Silleda Reunir\u00e1n en conxunto nunha superficie de m\u00e1is de ... Ler m\u00e1is","og_url":"https:\/\/www.expomunicipal.es\/gl\/la-xunta-presenta-las-nuevas-ediciones-de-expomunicipal-2026-y-enerxetika-que-acercaran-soluciones-para-prestar-servicios-municipales-de-calidad-a-las-entidades-locales-y-las-ultimas-innovacio\/","og_site_name":"EXPOMUNICIPAL","article_publisher":"https:\/\/www.facebook.com\/feriaSEDEXPO","article_published_time":"2026-03-23T14:28:15+00:00","article_modified_time":"2026-03-23T14:31:26+00:00","og_image":[{"width":2560,"height":1564,"url":"https:\/\/www.expomunicipal.es\/wp-content\/uploads\/2026\/03\/20260323DXALPresentacionExpomunicipalEnerxetika-1-scaled.jpeg","type":"image\/jpeg"}],"author":"admin@SedExpo","twitter_card":"summary_large_image","twitter_creator":"@feriasedexpo","twitter_site":"@feriasedexpo","twitter_misc":{"Escrito por":"admin@SedExpo","Tempo de lectura":"6 minutos"},"schema":{"@context":"https:\/\/schema.org","@graph":[{"@type":"Article","@id":"https:\/\/www.expomunicipal.es\/gl\/la-xunta-presenta-las-nuevas-ediciones-de-expomunicipal-2026-y-enerxetika-que-acercaran-soluciones-para-prestar-servicios-municipales-de-calidad-a-las-entidades-locales-y-las-ultimas-innovacio\/#article","isPartOf":{"@id":"https:\/\/www.expomunicipal.es\/gl\/la-xunta-presenta-las-nuevas-ediciones-de-expomunicipal-2026-y-enerxetika-que-acercaran-soluciones-para-prestar-servicios-municipales-de-calidad-a-las-entidades-locales-y-las-ultimas-innovacio\/"},"author":{"name":"admin@SedExpo","@id":"https:\/\/www.expomunicipal.es\/gl\/#\/schema\/person\/1fc7315d6712a25472b2c1ce06566872"},"headline":"A Xunta presenta as novas edici\u00f3ns de \u2018Expomunicipal 2026\u2019 e \u2018Enerx\u00e9tika\u2019 que achegar\u00e1n soluci\u00f3ns para prestar servizos municipais de calidade \u00e1s entidades locais e as \u00faltimas innovaci\u00f3ns no \u00e1mbito da enerx\u00eda","datePublished":"2026-03-23T14:28:15+00:00","dateModified":"2026-03-23T14:31:26+00:00","mainEntityOfPage":{"@id":"https:\/\/www.expomunicipal.es\/gl\/la-xunta-presenta-las-nuevas-ediciones-de-expomunicipal-2026-y-enerxetika-que-acercaran-soluciones-para-prestar-servicios-municipales-de-calidad-a-las-entidades-locales-y-las-ultimas-innovacio\/"},"wordCount":1332,"publisher":{"@id":"https:\/\/www.expomunicipal.es\/gl\/#organization"},"articleSection":["Uncategorized @gl"],"inLanguage":"gl-ES"},{"@type":"WebPage","@id":"https:\/\/www.expomunicipal.es\/gl\/la-xunta-presenta-las-nuevas-ediciones-de-expomunicipal-2026-y-enerxetika-que-acercaran-soluciones-para-prestar-servicios-municipales-de-calidad-a-las-entidades-locales-y-las-ultimas-innovacio\/","url":"https:\/\/www.expomunicipal.es\/gl\/la-xunta-presenta-las-nuevas-ediciones-de-expomunicipal-2026-y-enerxetika-que-acercaran-soluciones-para-prestar-servicios-municipales-de-calidad-a-las-entidades-locales-y-las-ultimas-innovacio\/","name":"A Xunta presenta as novas edici\u00f3ns de \u2018Expomunicipal 2026\u2019 e \u2018Enerx\u00e9tika\u2019 que achegar\u00e1n soluci\u00f3ns para prestar servizos municipais de calidade \u00e1s entidades locais e as \u00faltimas innovaci\u00f3ns no \u00e1mbito da enerx\u00eda - EXPOMUNICIPAL","isPartOf":{"@id":"https:\/\/www.expomunicipal.es\/gl\/#website"},"datePublished":"2026-03-23T14:28:15+00:00","dateModified":"2026-03-23T14:31:26+00:00","breadcrumb":{"@id":"https:\/\/www.expomunicipal.es\/gl\/la-xunta-presenta-las-nuevas-ediciones-de-expomunicipal-2026-y-enerxetika-que-acercaran-soluciones-para-prestar-servicios-municipales-de-calidad-a-las-entidades-locales-y-las-ultimas-innovacio\/#breadcrumb"},"inLanguage":"gl-ES","potentialAction":[{"@type":"ReadAction","target":["https:\/\/www.expomunicipal.es\/gl\/la-xunta-presenta-las-nuevas-ediciones-de-expomunicipal-2026-y-enerxetika-que-acercaran-soluciones-para-prestar-servicios-municipales-de-calidad-a-las-entidades-locales-y-las-ultimas-innovacio\/"]}]},{"@type":"BreadcrumbList","@id":"https:\/\/www.expomunicipal.es\/gl\/la-xunta-presenta-las-nuevas-ediciones-de-expomunicipal-2026-y-enerxetika-que-acercaran-soluciones-para-prestar-servicios-municipales-de-calidad-a-las-entidades-locales-y-las-ultimas-innovacio\/#breadcrumb","itemListElement":[{"@type":"ListItem","position":1,"name":"Portada","item":"https:\/\/www.expomunicipal.es\/gl\/"},{"@type":"ListItem","position":2,"name":"A Xunta presenta as novas edici\u00f3ns de \u2018Expomunicipal 2026\u2019 e \u2018Enerx\u00e9tika\u2019 que achegar\u00e1n soluci\u00f3ns para prestar servizos municipais de calidade \u00e1s entidades locais e as \u00faltimas innovaci\u00f3ns no \u00e1mbito da enerx\u00eda"}]},{"@type":"WebSite","@id":"https:\/\/www.expomunicipal.es\/gl\/#website","url":"https:\/\/www.expomunicipal.es\/gl\/","name":"EXPOMUNICIPAL","description":"Feria de Servicios Municipales","publisher":{"@id":"https:\/\/www.expomunicipal.es\/gl\/#organization"},"potentialAction":[{"@type":"SearchAction","target":{"@type":"EntryPoint","urlTemplate":"https:\/\/www.expomunicipal.es\/gl\/?s={search_term_string}"},"query-input":"required name=search_term_string"}],"inLanguage":"gl-ES"},{"@type":"Organization","@id":"https:\/\/www.expomunicipal.es\/gl\/#organization","name":"SEDEXPO","url":"https:\/\/www.expomunicipal.es\/gl\/","logo":{"@type":"ImageObject","inLanguage":"gl-ES","@id":"https:\/\/www.expomunicipal.es\/gl\/#\/schema\/logo\/image\/","url":"https:\/\/www.expobusiberia.comwp-content\/uploads\/2022\/02\/sedexpo-logo.png","contentUrl":"https:\/\/www.expobusiberia.comwp-content\/uploads\/2022\/02\/sedexpo-logo.png","width":556,"height":556,"caption":"SEDEXPO"},"image":{"@id":"https:\/\/www.expomunicipal.es\/gl\/#\/schema\/logo\/image\/"},"sameAs":["https:\/\/www.facebook.com\/feriaSEDEXPO","https:\/\/twitter.com\/feriasedexpo","https:\/\/es.linkedin.com\/company\/sedexpo"]},{"@type":"Person","@id":"https:\/\/www.expomunicipal.es\/gl\/#\/schema\/person\/1fc7315d6712a25472b2c1ce06566872","name":"admin@SedExpo","image":{"@type":"ImageObject","inLanguage":"gl-ES","@id":"https:\/\/www.expomunicipal.es\/gl\/#\/schema\/person\/image\/","url":"https:\/\/secure.gravatar.com\/avatar\/2aee3a429c5c84b2486f82e4bb736b27e478d3632de0946f5aba7087273fe2cb?s=96&d=mm&r=g","contentUrl":"https:\/\/secure.gravatar.com\/avatar\/2aee3a429c5c84b2486f82e4bb736b27e478d3632de0946f5aba7087273fe2cb?s=96&d=mm&r=g","caption":"admin@SedExpo"},"sameAs":["https:\/\/sedexpo.com"],"url":"https:\/\/www.expomunicipal.es\/gl\/author\/adminsedexpo\/"}]}},"_links":{"self":[{"href":"https:\/\/www.expomunicipal.es\/gl\/wp-json\/wp\/v2\/posts\/4304","targetHints":{"allow":["GET"]}}],"collection":[{"href":"https:\/\/www.expomunicipal.es\/gl\/wp-json\/wp\/v2\/posts"}],"about":[{"href":"https:\/\/www.expomunicipal.es\/gl\/wp-json\/wp\/v2\/types\/post"}],"author":[{"embeddable":true,"href":"https:\/\/www.expomunicipal.es\/gl\/wp-json\/wp\/v2\/users\/1"}],"replies":[{"embeddable":true,"href":"https:\/\/www.expomunicipal.es\/gl\/wp-json\/wp\/v2\/comments?post=4304"}],"version-history":[{"count":1,"href":"https:\/\/www.expomunicipal.es\/gl\/wp-json\/wp\/v2\/posts\/4304\/revisions"}],"predecessor-version":[{"id":4305,"href":"https:\/\/www.expomunicipal.es\/gl\/wp-json\/wp\/v2\/posts\/4304\/revisions\/4305"}],"wp:featuredmedia":[{"embeddable":true,"href":"https:\/\/www.expomunicipal.es\/gl\/wp-json\/wp\/v2\/media\/4302"}],"wp:attachment":[{"href":"https:\/\/www.expomunicipal.es\/gl\/wp-json\/wp\/v2\/media?parent=4304"}],"wp:term":[{"taxonomy":"category","embeddable":true,"href":"https:\/\/www.expomunicipal.es\/gl\/wp-json\/wp\/v2\/categories?post=4304"},{"taxonomy":"post_tag","embeddable":true,"href":"https:\/\/www.expomunicipal.es\/gl\/wp-json\/wp\/v2\/tags?post=4304"}],"curies":[{"name":"wp","href":"https:\/\/api.w.org\/{rel}","templated":true}]}}