{"id":4275,"date":"2026-03-16T11:37:00","date_gmt":"2026-03-16T11:37:00","guid":{"rendered":"https:\/\/www.expomunicipal.es\/del-parque-a-la-huerta-urbana-expomunicipal-2026-analiza-novedades-y-retos-en-la-gestion-de-espacios-verdes-de-los-municipios\/"},"modified":"2026-03-16T11:38:01","modified_gmt":"2026-03-16T11:38:01","slug":"del-parque-a-la-huerta-urbana-expomunicipal-2026-analiza-novedades-y-retos-en-la-gestion-de-espacios-verdes-de-los-municipios","status":"publish","type":"post","link":"https:\/\/www.expomunicipal.es\/gl\/del-parque-a-la-huerta-urbana-expomunicipal-2026-analiza-novedades-y-retos-en-la-gestion-de-espacios-verdes-de-los-municipios\/","title":{"rendered":"Do parque \u00e1 horta urbana, ExpoMunicipal 2026 analiza novidades e retos na xesti\u00f3n de espazos verdes dos municipios"},"content":{"rendered":"<ul>\n<li><strong>SER\u00c1 EN VARIAS XORNADAS T\u00c9CNICAS QUE SE DESENVOLVER\u00c1N AO LONGO DO CERTAME, O CAL SE CELEBRAR\u00c1 DO 25 AO 27 DE MARZO NO RECINTO FEIRA INTERNACIONAL DE GALICIA ABANCA<\/strong><\/li>\n<li><strong>ESTE EVENTO TER\u00c1 LUGAR DE FORMA PARALELA A ENERX\u00c9TIKA, CENTRADA NO \u00c1MBITO DA ENERX\u00cdA<\/strong><\/li>\n<\/ul>\n<p><strong><em>Silleda, 16 de marzo de 2026.- <\/em><\/strong>A II Feira de Servizos Municipais, ExpoMunicipal 2026, a cal conta co patrocinio de Ferrovial, ter\u00e1 lugar do 25 ao 27 de marzo no recinto Feira Internacional de Galicia ABANCA (Silleda, Pontevedra).<\/p>\n<p>Esta cita, que se celebrar\u00e1 de forma paralela ao sal\u00f3n de enerx\u00eda Enerx\u00e9tika, contar\u00e1 cun interesante programa de xornadas t\u00e9cnicas con tem\u00e1ticas de m\u00e1xima actualidade.<\/p>\n<p>No contexto actual de crecemento urbano e procura de cidades m\u00e1is habitables, os espazos verdes convert\u00e9ronse nunha infraestrutura esencial tanto para o benestar social como para a sa\u00fade da cidadan\u00eda. Este papel crave sup\u00f3n novas tendencias e cambios na maneira en que os municipios planifican, mant\u00e9n e aproveitan os seus espazos verdes. Unha realidade que ter\u00e1 gran protagonismo nas conferencias de ExpoMunicipal 2026.<\/p>\n<p>As\u00ed, a Asociaci\u00f3n Galega de Empresas de Xardiner\u00eda (Agaexar) celebrar\u00e1 tres xornadas. A primeira delas tratar\u00e1 a elecci\u00f3n de arboledo p\u00fablico e ser\u00e1 dirixida por Gaspar Bern\u00e1ndez, t\u00e9cnico da Deputaci\u00f3n de Pontevedra. Unha segunda abordar\u00e1 a transici\u00f3n de maquinaria de xardiner\u00eda de combusti\u00f3n a el\u00e9ctrica de bater\u00eda, de man de Juan Jos\u00e9 Fe\u00e1s, de Makita, mentres que a \u00faltima centrarase en xesti\u00f3n municipal de residuos verdes, sendo o seu condutor Manuel Pan, CEO de Sih\u00e1ho.<\/p>\n<p><strong>Hortos urbanos<\/strong><\/p>\n<p>O notable auxe dos hortos urbanos como ferramenta para impulsar cidades m\u00e1is sostibles, saudables e socialmente cohesionadas ser\u00e1 tam\u00e9n un tema destacado nestas xornadas, abord\u00e1ndose baixo o t\u00edtulo \u201cSementando resiliencia: o papel dos hortos urbanos\u201d e por parte de Dixard\u00edn, entidade de Cogami Empresarial.<\/p>\n<p>Pedro Guerreiro, coordinador de Hortos Urbanos do Paseo do Intre (Lugo) ser\u00e1 quen explique durante a feira tanto a relevancia destes espazos como a s\u00faa propia experiencia na capital lucense.<\/p>\n<p>&nbsp;<\/p>\n","protected":false},"excerpt":{"rendered":"<p>SER\u00c1 EN VARIAS XORNADAS T\u00c9CNICAS QUE SE DESENVOLVER\u00c1N AO LONGO DO CERTAME, O CAL SE CELEBRAR\u00c1 DO 25 AO 27 DE MARZO NO RECINTO FEIRA INTERNACIONAL DE GALICIA ABANCA ESTE EVENTO TER\u00c1 LUGAR DE FORMA PARALELA A ENERX\u00c9TIKA, CENTRADA NO \u00c1MBITO DA ENERX\u00cdA Silleda, 16 de marzo de 2026.- A II Feira de Servizos Municipais, &#8230; <a title=\"Do parque \u00e1 horta urbana, ExpoMunicipal 2026 analiza novidades e retos na xesti\u00f3n de espazos verdes dos municipios\" class=\"read-more\" href=\"https:\/\/www.expomunicipal.es\/gl\/del-parque-a-la-huerta-urbana-expomunicipal-2026-analiza-novedades-y-retos-en-la-gestion-de-espacios-verdes-de-los-municipios\/\" aria-label=\"M\u00e1is en Do parque \u00e1 horta urbana, ExpoMunicipal 2026 analiza novidades e retos na xesti\u00f3n de espazos verdes dos municipios\">Ler m\u00e1is<\/a><\/p>\n","protected":false},"author":1,"featured_media":4273,"comment_status":"closed","ping_status":"closed","sticky":false,"template":"","format":"standard","meta":{"footnotes":""},"categories":[18],"tags":[],"class_list":["post-4275","post","type-post","status-publish","format-standard","has-post-thumbnail","hentry","category-uncategorized-gl"],"acf":[],"yoast_head":"<!-- This site is optimized with the Yoast SEO plugin v20.4 - https:\/\/yoast.com\/wordpress\/plugins\/seo\/ -->\n<title>Do parque \u00e1 horta urbana, ExpoMunicipal 2026 analiza novidades e retos na xesti\u00f3n de espazos verdes dos municipios - EXPOMUNICIPAL<\/title>\n<meta name=\"robots\" content=\"index, follow, max-snippet:-1, max-image-preview:large, max-video-preview:-1\" \/>\n<link rel=\"canonical\" href=\"https:\/\/www.expomunicipal.es\/gl\/del-parque-a-la-huerta-urbana-expomunicipal-2026-analiza-novedades-y-retos-en-la-gestion-de-espacios-verdes-de-los-municipios\/\" \/>\n<meta property=\"og:locale\" content=\"gl_ES\" \/>\n<meta property=\"og:type\" content=\"article\" \/>\n<meta property=\"og:title\" content=\"Do parque \u00e1 horta urbana, ExpoMunicipal 2026 analiza novidades e retos na xesti\u00f3n de espazos verdes dos municipios - EXPOMUNICIPAL\" \/>\n<meta property=\"og:description\" content=\"SER\u00c1 EN VARIAS XORNADAS T\u00c9CNICAS QUE SE DESENVOLVER\u00c1N AO LONGO DO CERTAME, O CAL SE CELEBRAR\u00c1 DO 25 AO 27 DE MARZO NO RECINTO FEIRA INTERNACIONAL DE GALICIA ABANCA ESTE EVENTO TER\u00c1 LUGAR DE FORMA PARALELA A ENERX\u00c9TIKA, CENTRADA NO \u00c1MBITO DA ENERX\u00cdA Silleda, 16 de marzo de 2026.- A II Feira de Servizos Municipais, ... Ler m\u00e1is\" \/>\n<meta property=\"og:url\" content=\"https:\/\/www.expomunicipal.es\/gl\/del-parque-a-la-huerta-urbana-expomunicipal-2026-analiza-novedades-y-retos-en-la-gestion-de-espacios-verdes-de-los-municipios\/\" \/>\n<meta property=\"og:site_name\" content=\"EXPOMUNICIPAL\" \/>\n<meta property=\"article:publisher\" content=\"https:\/\/www.facebook.com\/feriaSEDEXPO\" \/>\n<meta property=\"article:published_time\" content=\"2026-03-16T11:37:00+00:00\" \/>\n<meta property=\"article:modified_time\" content=\"2026-03-16T11:38:01+00:00\" \/>\n<meta property=\"og:image\" content=\"https:\/\/www.expomunicipal.es\/wp-content\/uploads\/2026\/03\/DSC06288-scaled.jpg\" \/>\n\t<meta property=\"og:image:width\" content=\"2560\" \/>\n\t<meta property=\"og:image:height\" content=\"1441\" \/>\n\t<meta property=\"og:image:type\" content=\"image\/jpeg\" \/>\n<meta name=\"author\" content=\"admin@SedExpo\" \/>\n<meta name=\"twitter:card\" content=\"summary_large_image\" \/>\n<meta name=\"twitter:creator\" content=\"@feriasedexpo\" \/>\n<meta name=\"twitter:site\" content=\"@feriasedexpo\" \/>\n<meta name=\"twitter:label1\" content=\"Escrito por\" \/>\n\t<meta name=\"twitter:data1\" content=\"admin@SedExpo\" \/>\n\t<meta name=\"twitter:label2\" content=\"Tempo de lectura\" \/>\n\t<meta name=\"twitter:data2\" content=\"2 minutos\" \/>\n<script type=\"application\/ld+json\" class=\"yoast-schema-graph\">{\"@context\":\"https:\/\/schema.org\",\"@graph\":[{\"@type\":\"Article\",\"@id\":\"https:\/\/www.expomunicipal.es\/gl\/del-parque-a-la-huerta-urbana-expomunicipal-2026-analiza-novedades-y-retos-en-la-gestion-de-espacios-verdes-de-los-municipios\/#article\",\"isPartOf\":{\"@id\":\"https:\/\/www.expomunicipal.es\/gl\/del-parque-a-la-huerta-urbana-expomunicipal-2026-analiza-novedades-y-retos-en-la-gestion-de-espacios-verdes-de-los-municipios\/\"},\"author\":{\"name\":\"admin@SedExpo\",\"@id\":\"https:\/\/www.expomunicipal.es\/gl\/#\/schema\/person\/1fc7315d6712a25472b2c1ce06566872\"},\"headline\":\"Do parque \u00e1 horta urbana, ExpoMunicipal 2026 analiza novidades e retos na xesti\u00f3n de espazos verdes dos municipios\",\"datePublished\":\"2026-03-16T11:37:00+00:00\",\"dateModified\":\"2026-03-16T11:38:01+00:00\",\"mainEntityOfPage\":{\"@id\":\"https:\/\/www.expomunicipal.es\/gl\/del-parque-a-la-huerta-urbana-expomunicipal-2026-analiza-novedades-y-retos-en-la-gestion-de-espacios-verdes-de-los-municipios\/\"},\"wordCount\":368,\"publisher\":{\"@id\":\"https:\/\/www.expomunicipal.es\/gl\/#organization\"},\"articleSection\":[\"Uncategorized @gl\"],\"inLanguage\":\"gl-ES\"},{\"@type\":\"WebPage\",\"@id\":\"https:\/\/www.expomunicipal.es\/gl\/del-parque-a-la-huerta-urbana-expomunicipal-2026-analiza-novedades-y-retos-en-la-gestion-de-espacios-verdes-de-los-municipios\/\",\"url\":\"https:\/\/www.expomunicipal.es\/gl\/del-parque-a-la-huerta-urbana-expomunicipal-2026-analiza-novedades-y-retos-en-la-gestion-de-espacios-verdes-de-los-municipios\/\",\"name\":\"Do parque \u00e1 horta urbana, ExpoMunicipal 2026 analiza novidades e retos na xesti\u00f3n de espazos verdes dos municipios - EXPOMUNICIPAL\",\"isPartOf\":{\"@id\":\"https:\/\/www.expomunicipal.es\/gl\/#website\"},\"datePublished\":\"2026-03-16T11:37:00+00:00\",\"dateModified\":\"2026-03-16T11:38:01+00:00\",\"breadcrumb\":{\"@id\":\"https:\/\/www.expomunicipal.es\/gl\/del-parque-a-la-huerta-urbana-expomunicipal-2026-analiza-novedades-y-retos-en-la-gestion-de-espacios-verdes-de-los-municipios\/#breadcrumb\"},\"inLanguage\":\"gl-ES\",\"potentialAction\":[{\"@type\":\"ReadAction\",\"target\":[\"https:\/\/www.expomunicipal.es\/gl\/del-parque-a-la-huerta-urbana-expomunicipal-2026-analiza-novedades-y-retos-en-la-gestion-de-espacios-verdes-de-los-municipios\/\"]}]},{\"@type\":\"BreadcrumbList\",\"@id\":\"https:\/\/www.expomunicipal.es\/gl\/del-parque-a-la-huerta-urbana-expomunicipal-2026-analiza-novedades-y-retos-en-la-gestion-de-espacios-verdes-de-los-municipios\/#breadcrumb\",\"itemListElement\":[{\"@type\":\"ListItem\",\"position\":1,\"name\":\"Portada\",\"item\":\"https:\/\/www.expomunicipal.es\/gl\/\"},{\"@type\":\"ListItem\",\"position\":2,\"name\":\"Do parque \u00e1 horta urbana, ExpoMunicipal 2026 analiza novidades e retos na xesti\u00f3n de espazos verdes dos municipios\"}]},{\"@type\":\"WebSite\",\"@id\":\"https:\/\/www.expomunicipal.es\/gl\/#website\",\"url\":\"https:\/\/www.expomunicipal.es\/gl\/\",\"name\":\"EXPOMUNICIPAL\",\"description\":\"Feria de Servicios Municipales\",\"publisher\":{\"@id\":\"https:\/\/www.expomunicipal.es\/gl\/#organization\"},\"potentialAction\":[{\"@type\":\"SearchAction\",\"target\":{\"@type\":\"EntryPoint\",\"urlTemplate\":\"https:\/\/www.expomunicipal.es\/gl\/?s={search_term_string}\"},\"query-input\":\"required name=search_term_string\"}],\"inLanguage\":\"gl-ES\"},{\"@type\":\"Organization\",\"@id\":\"https:\/\/www.expomunicipal.es\/gl\/#organization\",\"name\":\"SEDEXPO\",\"url\":\"https:\/\/www.expomunicipal.es\/gl\/\",\"logo\":{\"@type\":\"ImageObject\",\"inLanguage\":\"gl-ES\",\"@id\":\"https:\/\/www.expomunicipal.es\/gl\/#\/schema\/logo\/image\/\",\"url\":\"https:\/\/www.expobusiberia.comwp-content\/uploads\/2022\/02\/sedexpo-logo.png\",\"contentUrl\":\"https:\/\/www.expobusiberia.comwp-content\/uploads\/2022\/02\/sedexpo-logo.png\",\"width\":556,\"height\":556,\"caption\":\"SEDEXPO\"},\"image\":{\"@id\":\"https:\/\/www.expomunicipal.es\/gl\/#\/schema\/logo\/image\/\"},\"sameAs\":[\"https:\/\/www.facebook.com\/feriaSEDEXPO\",\"https:\/\/twitter.com\/feriasedexpo\",\"https:\/\/es.linkedin.com\/company\/sedexpo\"]},{\"@type\":\"Person\",\"@id\":\"https:\/\/www.expomunicipal.es\/gl\/#\/schema\/person\/1fc7315d6712a25472b2c1ce06566872\",\"name\":\"admin@SedExpo\",\"image\":{\"@type\":\"ImageObject\",\"inLanguage\":\"gl-ES\",\"@id\":\"https:\/\/www.expomunicipal.es\/gl\/#\/schema\/person\/image\/\",\"url\":\"https:\/\/secure.gravatar.com\/avatar\/2aee3a429c5c84b2486f82e4bb736b27e478d3632de0946f5aba7087273fe2cb?s=96&d=mm&r=g\",\"contentUrl\":\"https:\/\/secure.gravatar.com\/avatar\/2aee3a429c5c84b2486f82e4bb736b27e478d3632de0946f5aba7087273fe2cb?s=96&d=mm&r=g\",\"caption\":\"admin@SedExpo\"},\"sameAs\":[\"https:\/\/sedexpo.com\"],\"url\":\"https:\/\/www.expomunicipal.es\/gl\/author\/adminsedexpo\/\"}]}<\/script>\n<!-- \/ Yoast SEO plugin. -->","yoast_head_json":{"title":"Do parque \u00e1 horta urbana, ExpoMunicipal 2026 analiza novidades e retos na xesti\u00f3n de espazos verdes dos municipios - EXPOMUNICIPAL","robots":{"index":"index","follow":"follow","max-snippet":"max-snippet:-1","max-image-preview":"max-image-preview:large","max-video-preview":"max-video-preview:-1"},"canonical":"https:\/\/www.expomunicipal.es\/gl\/del-parque-a-la-huerta-urbana-expomunicipal-2026-analiza-novedades-y-retos-en-la-gestion-de-espacios-verdes-de-los-municipios\/","og_locale":"gl_ES","og_type":"article","og_title":"Do parque \u00e1 horta urbana, ExpoMunicipal 2026 analiza novidades e retos na xesti\u00f3n de espazos verdes dos municipios - EXPOMUNICIPAL","og_description":"SER\u00c1 EN VARIAS XORNADAS T\u00c9CNICAS QUE SE DESENVOLVER\u00c1N AO LONGO DO CERTAME, O CAL SE CELEBRAR\u00c1 DO 25 AO 27 DE MARZO NO RECINTO FEIRA INTERNACIONAL DE GALICIA ABANCA ESTE EVENTO TER\u00c1 LUGAR DE FORMA PARALELA A ENERX\u00c9TIKA, CENTRADA NO \u00c1MBITO DA ENERX\u00cdA Silleda, 16 de marzo de 2026.- A II Feira de Servizos Municipais, ... Ler m\u00e1is","og_url":"https:\/\/www.expomunicipal.es\/gl\/del-parque-a-la-huerta-urbana-expomunicipal-2026-analiza-novedades-y-retos-en-la-gestion-de-espacios-verdes-de-los-municipios\/","og_site_name":"EXPOMUNICIPAL","article_publisher":"https:\/\/www.facebook.com\/feriaSEDEXPO","article_published_time":"2026-03-16T11:37:00+00:00","article_modified_time":"2026-03-16T11:38:01+00:00","og_image":[{"width":2560,"height":1441,"url":"https:\/\/www.expomunicipal.es\/wp-content\/uploads\/2026\/03\/DSC06288-scaled.jpg","type":"image\/jpeg"}],"author":"admin@SedExpo","twitter_card":"summary_large_image","twitter_creator":"@feriasedexpo","twitter_site":"@feriasedexpo","twitter_misc":{"Escrito por":"admin@SedExpo","Tempo de lectura":"2 minutos"},"schema":{"@context":"https:\/\/schema.org","@graph":[{"@type":"Article","@id":"https:\/\/www.expomunicipal.es\/gl\/del-parque-a-la-huerta-urbana-expomunicipal-2026-analiza-novedades-y-retos-en-la-gestion-de-espacios-verdes-de-los-municipios\/#article","isPartOf":{"@id":"https:\/\/www.expomunicipal.es\/gl\/del-parque-a-la-huerta-urbana-expomunicipal-2026-analiza-novedades-y-retos-en-la-gestion-de-espacios-verdes-de-los-municipios\/"},"author":{"name":"admin@SedExpo","@id":"https:\/\/www.expomunicipal.es\/gl\/#\/schema\/person\/1fc7315d6712a25472b2c1ce06566872"},"headline":"Do parque \u00e1 horta urbana, ExpoMunicipal 2026 analiza novidades e retos na xesti\u00f3n de espazos verdes dos municipios","datePublished":"2026-03-16T11:37:00+00:00","dateModified":"2026-03-16T11:38:01+00:00","mainEntityOfPage":{"@id":"https:\/\/www.expomunicipal.es\/gl\/del-parque-a-la-huerta-urbana-expomunicipal-2026-analiza-novedades-y-retos-en-la-gestion-de-espacios-verdes-de-los-municipios\/"},"wordCount":368,"publisher":{"@id":"https:\/\/www.expomunicipal.es\/gl\/#organization"},"articleSection":["Uncategorized @gl"],"inLanguage":"gl-ES"},{"@type":"WebPage","@id":"https:\/\/www.expomunicipal.es\/gl\/del-parque-a-la-huerta-urbana-expomunicipal-2026-analiza-novedades-y-retos-en-la-gestion-de-espacios-verdes-de-los-municipios\/","url":"https:\/\/www.expomunicipal.es\/gl\/del-parque-a-la-huerta-urbana-expomunicipal-2026-analiza-novedades-y-retos-en-la-gestion-de-espacios-verdes-de-los-municipios\/","name":"Do parque \u00e1 horta urbana, ExpoMunicipal 2026 analiza novidades e retos na xesti\u00f3n de espazos verdes dos municipios - EXPOMUNICIPAL","isPartOf":{"@id":"https:\/\/www.expomunicipal.es\/gl\/#website"},"datePublished":"2026-03-16T11:37:00+00:00","dateModified":"2026-03-16T11:38:01+00:00","breadcrumb":{"@id":"https:\/\/www.expomunicipal.es\/gl\/del-parque-a-la-huerta-urbana-expomunicipal-2026-analiza-novedades-y-retos-en-la-gestion-de-espacios-verdes-de-los-municipios\/#breadcrumb"},"inLanguage":"gl-ES","potentialAction":[{"@type":"ReadAction","target":["https:\/\/www.expomunicipal.es\/gl\/del-parque-a-la-huerta-urbana-expomunicipal-2026-analiza-novedades-y-retos-en-la-gestion-de-espacios-verdes-de-los-municipios\/"]}]},{"@type":"BreadcrumbList","@id":"https:\/\/www.expomunicipal.es\/gl\/del-parque-a-la-huerta-urbana-expomunicipal-2026-analiza-novedades-y-retos-en-la-gestion-de-espacios-verdes-de-los-municipios\/#breadcrumb","itemListElement":[{"@type":"ListItem","position":1,"name":"Portada","item":"https:\/\/www.expomunicipal.es\/gl\/"},{"@type":"ListItem","position":2,"name":"Do parque \u00e1 horta urbana, ExpoMunicipal 2026 analiza novidades e retos na xesti\u00f3n de espazos verdes dos municipios"}]},{"@type":"WebSite","@id":"https:\/\/www.expomunicipal.es\/gl\/#website","url":"https:\/\/www.expomunicipal.es\/gl\/","name":"EXPOMUNICIPAL","description":"Feria de Servicios Municipales","publisher":{"@id":"https:\/\/www.expomunicipal.es\/gl\/#organization"},"potentialAction":[{"@type":"SearchAction","target":{"@type":"EntryPoint","urlTemplate":"https:\/\/www.expomunicipal.es\/gl\/?s={search_term_string}"},"query-input":"required name=search_term_string"}],"inLanguage":"gl-ES"},{"@type":"Organization","@id":"https:\/\/www.expomunicipal.es\/gl\/#organization","name":"SEDEXPO","url":"https:\/\/www.expomunicipal.es\/gl\/","logo":{"@type":"ImageObject","inLanguage":"gl-ES","@id":"https:\/\/www.expomunicipal.es\/gl\/#\/schema\/logo\/image\/","url":"https:\/\/www.expobusiberia.comwp-content\/uploads\/2022\/02\/sedexpo-logo.png","contentUrl":"https:\/\/www.expobusiberia.comwp-content\/uploads\/2022\/02\/sedexpo-logo.png","width":556,"height":556,"caption":"SEDEXPO"},"image":{"@id":"https:\/\/www.expomunicipal.es\/gl\/#\/schema\/logo\/image\/"},"sameAs":["https:\/\/www.facebook.com\/feriaSEDEXPO","https:\/\/twitter.com\/feriasedexpo","https:\/\/es.linkedin.com\/company\/sedexpo"]},{"@type":"Person","@id":"https:\/\/www.expomunicipal.es\/gl\/#\/schema\/person\/1fc7315d6712a25472b2c1ce06566872","name":"admin@SedExpo","image":{"@type":"ImageObject","inLanguage":"gl-ES","@id":"https:\/\/www.expomunicipal.es\/gl\/#\/schema\/person\/image\/","url":"https:\/\/secure.gravatar.com\/avatar\/2aee3a429c5c84b2486f82e4bb736b27e478d3632de0946f5aba7087273fe2cb?s=96&d=mm&r=g","contentUrl":"https:\/\/secure.gravatar.com\/avatar\/2aee3a429c5c84b2486f82e4bb736b27e478d3632de0946f5aba7087273fe2cb?s=96&d=mm&r=g","caption":"admin@SedExpo"},"sameAs":["https:\/\/sedexpo.com"],"url":"https:\/\/www.expomunicipal.es\/gl\/author\/adminsedexpo\/"}]}},"_links":{"self":[{"href":"https:\/\/www.expomunicipal.es\/gl\/wp-json\/wp\/v2\/posts\/4275","targetHints":{"allow":["GET"]}}],"collection":[{"href":"https:\/\/www.expomunicipal.es\/gl\/wp-json\/wp\/v2\/posts"}],"about":[{"href":"https:\/\/www.expomunicipal.es\/gl\/wp-json\/wp\/v2\/types\/post"}],"author":[{"embeddable":true,"href":"https:\/\/www.expomunicipal.es\/gl\/wp-json\/wp\/v2\/users\/1"}],"replies":[{"embeddable":true,"href":"https:\/\/www.expomunicipal.es\/gl\/wp-json\/wp\/v2\/comments?post=4275"}],"version-history":[{"count":1,"href":"https:\/\/www.expomunicipal.es\/gl\/wp-json\/wp\/v2\/posts\/4275\/revisions"}],"predecessor-version":[{"id":4276,"href":"https:\/\/www.expomunicipal.es\/gl\/wp-json\/wp\/v2\/posts\/4275\/revisions\/4276"}],"wp:featuredmedia":[{"embeddable":true,"href":"https:\/\/www.expomunicipal.es\/gl\/wp-json\/wp\/v2\/media\/4273"}],"wp:attachment":[{"href":"https:\/\/www.expomunicipal.es\/gl\/wp-json\/wp\/v2\/media?parent=4275"}],"wp:term":[{"taxonomy":"category","embeddable":true,"href":"https:\/\/www.expomunicipal.es\/gl\/wp-json\/wp\/v2\/categories?post=4275"},{"taxonomy":"post_tag","embeddable":true,"href":"https:\/\/www.expomunicipal.es\/gl\/wp-json\/wp\/v2\/tags?post=4275"}],"curies":[{"name":"wp","href":"https:\/\/api.w.org\/{rel}","templated":true}]}}