{"id":4143,"date":"2026-01-28T13:55:49","date_gmt":"2026-01-28T13:55:49","guid":{"rendered":"https:\/\/www.expomunicipal.es\/enerxetika-y-expomunicipal-se-refuerzan-en-la-recta-final-para-esta-doble-cita-ferial-que-tendra-lugar-del-25-al-27-de-marzo\/"},"modified":"2026-01-28T13:58:33","modified_gmt":"2026-01-28T13:58:33","slug":"enerxetika-y-expomunicipal-se-refuerzan-en-la-recta-final-para-esta-doble-cita-ferial-que-tendra-lugar-del-25-al-27-de-marzo","status":"publish","type":"post","link":"https:\/\/www.expomunicipal.es\/gl\/enerxetika-y-expomunicipal-se-refuerzan-en-la-recta-final-para-esta-doble-cita-ferial-que-tendra-lugar-del-25-al-27-de-marzo\/","title":{"rendered":"Enerx\u00e9tika e ExpoMunicipal ref\u00f3rzanse  na recta final para esta dobre cita feiral,  que ter\u00e1 lugar do 25 ao 27 de marzo"},"content":{"rendered":"<ul>\n<li><strong>O SEU COMIT\u00c9 ORGANIZADOR REUNIUSE DE NOVO HOXE NA FEIRA INTERNACIONAL DE GALICIA ABANCA PARA ANALIZAR A EVOLUCI\u00d3N COMERCIAL DOS CERTAMES, DETERMINAR ACCI\u00d3NS DE INTERESE PARA O SEU IMPULSO NESTES DOUS \u00daLTIMOS MESES E DEFINIR O SEU PROGRAMA DE ACTIVIDADES<\/strong><\/li>\n<li><strong>M\u00c1IS DUNHA VINTENA DE ENTIDADES VINCULADAS CON AMBOS SECTORES PARTICIPARON NO ENCONTRO, NO QUE SE REAFIRMOU O COMPROMISO COAS FEIRA<\/strong>S<\/li>\n<\/ul>\n<p><strong><em>Silleda, 28 de xaneiro de 2026.- <\/em><\/strong>A dobre cita feiral do sal\u00f3n de enerx\u00eda Enerx\u00e9tika e o certame de servizos municipais ExpoMunicipal, a cal ter\u00e1 lugar do 25 ao 27 de marzo, segue prepar\u00e1ndose para converterse nun espazo de referencia.<\/p>\n<p>E con este obxectivo o seu comit\u00e9 organizador volveu reunirse hoxe no recinto Feira Internacional de Galicia ABANCA. Un encontro no que se analizou a evoluci\u00f3n comercial das feiras, as cales contan con boas expectativas para esta cita de 2026. Ademais, avali\u00e1ronse e determin\u00e1ronse acci\u00f3ns a distintos niveis para impulsar as feiras nestes dous meses previos \u00e1 s\u00faa celebraci\u00f3n.<\/p>\n<p>Por outra banda, durante a reuni\u00f3n avanzouse na definici\u00f3n do programa de actividades de ambas as feiras. Destacar\u00e1n as xornadas t\u00e9cnicas, das que se est\u00e1 establecendo a s\u00faa tem\u00e1tica e haber\u00e1 presenza de relatores de relevancia a nivel nacional, e sumaranse demostraci\u00f3ns, \u00e1reas divulgativas, entregas de premios, un circu\u00edto de veh\u00edculos con combustibles alternativos ou o espazo de innovaci\u00f3n SIE.<\/p>\n<p><strong>Compromiso e sinerx\u00edas<\/strong><\/p>\n<p>O encontro contou coa presenza de m\u00e1is dunha vintena de empresas, cl\u00fasters, asociaci\u00f3ns e departamentos da Xunta de Galicia, os cales volveron mostrar tanto o seu apoio aos certames como \u00e1 s\u00faa celebraci\u00f3n paralela, destacando a capacidade desta dobre cita feiral de crear sinerx\u00edas.<\/p>\n<p>Presidiron a reuni\u00f3n os directores xerais de Administraci\u00f3n Local da Xunta de Galicia, Natalia Prieto, e de Planificaci\u00f3n Enerx\u00e9tica e Minas, Pablo Fern\u00e1ndez, acompa\u00f1ados da subdirectora xeral de Xesti\u00f3n e Cooperaci\u00f3n Econ\u00f3mica coas Entidades Locais, Raquel Bah\u00edllo e o director do Departamento de Coordinaci\u00f3n de Eficiencia Enerx\u00e9tica do Instituto Enerx\u00e9tico de Galicia (INEGA), Em\u00e9rito Freire.<\/p>\n<p>Pola s\u00faa banda, destacaron o compromiso da Administraci\u00f3n galega con estes certames, facendo fincap\u00e9 na s\u00faa vontade de que se consoliden como feiras de referencia. Ao mesmo tempo, en canto a Enerx\u00e9tika, sinalouse a feira como unha oportunidade para po\u00f1er en valor o importante peso do sector enerx\u00e9tico en Galicia, o cal conta con toda a cadea de valor na Comunidade, e tam\u00e9n se apuntou dende a direcci\u00f3n xeral de Planificaci\u00f3n Enerx\u00e9tica e Minas o traballo que est\u00e1 a realizar para que o evento transcenda o \u00e1mbito auton\u00f3mico, estando xa confirmada a presenza de hom\u00f3logos doutras rexi\u00f3ns na feira para co\u00f1ecer e compartir experiencias que enriquezan o sector. Respecto a ExpoMunicipal, ademais de sinalar o gran interese desta feira ante a gran diversidade de concellos e necesidades que presentan, apuntouse por parte da direcci\u00f3n xeral de Administraci\u00f3n Local a celebraci\u00f3n no evento de xornadas que apoien aos municipios nos seus retos, expo\u00f1\u00e9ndolles novidades e axudas.<\/p>\n<p>Ademais, o encontro contou con representaci\u00f3n, no \u00e1mbito dos servizos municipais, da Federaci\u00f3n Galega de Municipios e Provincias (Fagamp), Cogami, Urdime, Ferrovial, Prezero, Rototank, Grupo Faro e Sihaho. En canto ao sector enerx\u00e9tico, participaron representantes da Asociaci\u00f3n Cl\u00faster da Xeotermia Galega (Acluxega), Asociaci\u00f3n E\u00f3lica de Galicia (EGA), Cl\u00faster da Biomasa de Galicia, Federaci\u00f3n Galega de Instaladores El\u00e9ctricos e Telecomunicaci\u00f3ns (Fegasinel), Colexio Oficial de Enxe\u00f1eiros Industriais de Galicia, Consello Galego de Enxe\u00f1eiros T\u00e9cnicos Industriais, Ecogal, Iberdrola e Rede El\u00e9ctrica de Espa\u00f1a (Redeia). As\u00ed mesmo, tivo representaci\u00f3n a Direcci\u00f3n Territorial de Comercio en Galicia.<\/p>\n","protected":false},"excerpt":{"rendered":"<p>O SEU COMIT\u00c9 ORGANIZADOR REUNIUSE DE NOVO HOXE NA FEIRA INTERNACIONAL DE GALICIA ABANCA PARA ANALIZAR A EVOLUCI\u00d3N COMERCIAL DOS CERTAMES, DETERMINAR ACCI\u00d3NS DE INTERESE PARA O SEU IMPULSO NESTES DOUS \u00daLTIMOS MESES E DEFINIR O SEU PROGRAMA DE ACTIVIDADES M\u00c1IS DUNHA VINTENA DE ENTIDADES VINCULADAS CON AMBOS SECTORES PARTICIPARON NO ENCONTRO, NO QUE SE &#8230; <a title=\"Enerx\u00e9tika e ExpoMunicipal ref\u00f3rzanse  na recta final para esta dobre cita feiral,  que ter\u00e1 lugar do 25 ao 27 de marzo\" class=\"read-more\" href=\"https:\/\/www.expomunicipal.es\/gl\/enerxetika-y-expomunicipal-se-refuerzan-en-la-recta-final-para-esta-doble-cita-ferial-que-tendra-lugar-del-25-al-27-de-marzo\/\" aria-label=\"M\u00e1is en Enerx\u00e9tika e ExpoMunicipal ref\u00f3rzanse  na recta final para esta dobre cita feiral,  que ter\u00e1 lugar do 25 ao 27 de marzo\">Ler m\u00e1is<\/a><\/p>\n","protected":false},"author":1,"featured_media":4141,"comment_status":"closed","ping_status":"closed","sticky":false,"template":"","format":"standard","meta":{"footnotes":""},"categories":[18],"tags":[],"class_list":["post-4143","post","type-post","status-publish","format-standard","has-post-thumbnail","hentry","category-uncategorized-gl"],"acf":[],"yoast_head":"<!-- This site is optimized with the Yoast SEO plugin v20.4 - https:\/\/yoast.com\/wordpress\/plugins\/seo\/ -->\n<title>Enerx\u00e9tika e ExpoMunicipal ref\u00f3rzanse na recta final para esta dobre cita feiral, que ter\u00e1 lugar do 25 ao 27 de marzo - EXPOMUNICIPAL<\/title>\n<meta name=\"robots\" content=\"index, follow, max-snippet:-1, max-image-preview:large, max-video-preview:-1\" \/>\n<link rel=\"canonical\" href=\"https:\/\/www.expomunicipal.es\/gl\/enerxetika-y-expomunicipal-se-refuerzan-en-la-recta-final-para-esta-doble-cita-ferial-que-tendra-lugar-del-25-al-27-de-marzo\/\" \/>\n<meta property=\"og:locale\" content=\"gl_ES\" \/>\n<meta property=\"og:type\" content=\"article\" \/>\n<meta property=\"og:title\" content=\"Enerx\u00e9tika e ExpoMunicipal ref\u00f3rzanse na recta final para esta dobre cita feiral, que ter\u00e1 lugar do 25 ao 27 de marzo - EXPOMUNICIPAL\" \/>\n<meta property=\"og:description\" content=\"O SEU COMIT\u00c9 ORGANIZADOR REUNIUSE DE NOVO HOXE NA FEIRA INTERNACIONAL DE GALICIA ABANCA PARA ANALIZAR A EVOLUCI\u00d3N COMERCIAL DOS CERTAMES, DETERMINAR ACCI\u00d3NS DE INTERESE PARA O SEU IMPULSO NESTES DOUS \u00daLTIMOS MESES E DEFINIR O SEU PROGRAMA DE ACTIVIDADES M\u00c1IS DUNHA VINTENA DE ENTIDADES VINCULADAS CON AMBOS SECTORES PARTICIPARON NO ENCONTRO, NO QUE SE ... Ler m\u00e1is\" \/>\n<meta property=\"og:url\" content=\"https:\/\/www.expomunicipal.es\/gl\/enerxetika-y-expomunicipal-se-refuerzan-en-la-recta-final-para-esta-doble-cita-ferial-que-tendra-lugar-del-25-al-27-de-marzo\/\" \/>\n<meta property=\"og:site_name\" content=\"EXPOMUNICIPAL\" \/>\n<meta property=\"article:publisher\" content=\"https:\/\/www.facebook.com\/feriaSEDEXPO\" \/>\n<meta property=\"article:published_time\" content=\"2026-01-28T13:55:49+00:00\" \/>\n<meta property=\"article:modified_time\" content=\"2026-01-28T13:58:33+00:00\" \/>\n<meta property=\"og:image\" content=\"https:\/\/www.expomunicipal.es\/wp-content\/uploads\/2026\/01\/Reunion-Comite-feiras-ExpoMunicipal-e-Enerxetika-DSC08878-scaled.jpg\" \/>\n\t<meta property=\"og:image:width\" content=\"2560\" \/>\n\t<meta property=\"og:image:height\" content=\"1441\" \/>\n\t<meta property=\"og:image:type\" content=\"image\/jpeg\" \/>\n<meta name=\"author\" content=\"admin@SedExpo\" \/>\n<meta name=\"twitter:card\" content=\"summary_large_image\" \/>\n<meta name=\"twitter:creator\" content=\"@feriasedexpo\" \/>\n<meta name=\"twitter:site\" content=\"@feriasedexpo\" \/>\n<meta name=\"twitter:label1\" content=\"Escrito por\" \/>\n\t<meta name=\"twitter:data1\" content=\"admin@SedExpo\" \/>\n\t<meta name=\"twitter:label2\" content=\"Tempo de lectura\" \/>\n\t<meta name=\"twitter:data2\" content=\"3 minutos\" \/>\n<script type=\"application\/ld+json\" class=\"yoast-schema-graph\">{\"@context\":\"https:\/\/schema.org\",\"@graph\":[{\"@type\":\"Article\",\"@id\":\"https:\/\/www.expomunicipal.es\/gl\/enerxetika-y-expomunicipal-se-refuerzan-en-la-recta-final-para-esta-doble-cita-ferial-que-tendra-lugar-del-25-al-27-de-marzo\/#article\",\"isPartOf\":{\"@id\":\"https:\/\/www.expomunicipal.es\/gl\/enerxetika-y-expomunicipal-se-refuerzan-en-la-recta-final-para-esta-doble-cita-ferial-que-tendra-lugar-del-25-al-27-de-marzo\/\"},\"author\":{\"name\":\"admin@SedExpo\",\"@id\":\"https:\/\/www.expomunicipal.es\/gl\/#\/schema\/person\/1fc7315d6712a25472b2c1ce06566872\"},\"headline\":\"Enerx\u00e9tika e ExpoMunicipal ref\u00f3rzanse na recta final para esta dobre cita feiral, que ter\u00e1 lugar do 25 ao 27 de marzo\",\"datePublished\":\"2026-01-28T13:55:49+00:00\",\"dateModified\":\"2026-01-28T13:58:33+00:00\",\"mainEntityOfPage\":{\"@id\":\"https:\/\/www.expomunicipal.es\/gl\/enerxetika-y-expomunicipal-se-refuerzan-en-la-recta-final-para-esta-doble-cita-ferial-que-tendra-lugar-del-25-al-27-de-marzo\/\"},\"wordCount\":663,\"publisher\":{\"@id\":\"https:\/\/www.expomunicipal.es\/gl\/#organization\"},\"articleSection\":[\"Uncategorized @gl\"],\"inLanguage\":\"gl-ES\"},{\"@type\":\"WebPage\",\"@id\":\"https:\/\/www.expomunicipal.es\/gl\/enerxetika-y-expomunicipal-se-refuerzan-en-la-recta-final-para-esta-doble-cita-ferial-que-tendra-lugar-del-25-al-27-de-marzo\/\",\"url\":\"https:\/\/www.expomunicipal.es\/gl\/enerxetika-y-expomunicipal-se-refuerzan-en-la-recta-final-para-esta-doble-cita-ferial-que-tendra-lugar-del-25-al-27-de-marzo\/\",\"name\":\"Enerx\u00e9tika e ExpoMunicipal ref\u00f3rzanse na recta final para esta dobre cita feiral, que ter\u00e1 lugar do 25 ao 27 de marzo - EXPOMUNICIPAL\",\"isPartOf\":{\"@id\":\"https:\/\/www.expomunicipal.es\/gl\/#website\"},\"datePublished\":\"2026-01-28T13:55:49+00:00\",\"dateModified\":\"2026-01-28T13:58:33+00:00\",\"breadcrumb\":{\"@id\":\"https:\/\/www.expomunicipal.es\/gl\/enerxetika-y-expomunicipal-se-refuerzan-en-la-recta-final-para-esta-doble-cita-ferial-que-tendra-lugar-del-25-al-27-de-marzo\/#breadcrumb\"},\"inLanguage\":\"gl-ES\",\"potentialAction\":[{\"@type\":\"ReadAction\",\"target\":[\"https:\/\/www.expomunicipal.es\/gl\/enerxetika-y-expomunicipal-se-refuerzan-en-la-recta-final-para-esta-doble-cita-ferial-que-tendra-lugar-del-25-al-27-de-marzo\/\"]}]},{\"@type\":\"BreadcrumbList\",\"@id\":\"https:\/\/www.expomunicipal.es\/gl\/enerxetika-y-expomunicipal-se-refuerzan-en-la-recta-final-para-esta-doble-cita-ferial-que-tendra-lugar-del-25-al-27-de-marzo\/#breadcrumb\",\"itemListElement\":[{\"@type\":\"ListItem\",\"position\":1,\"name\":\"Portada\",\"item\":\"https:\/\/www.expomunicipal.es\/gl\/\"},{\"@type\":\"ListItem\",\"position\":2,\"name\":\"Enerx\u00e9tika e ExpoMunicipal ref\u00f3rzanse na recta final para esta dobre cita feiral, que ter\u00e1 lugar do 25 ao 27 de marzo\"}]},{\"@type\":\"WebSite\",\"@id\":\"https:\/\/www.expomunicipal.es\/gl\/#website\",\"url\":\"https:\/\/www.expomunicipal.es\/gl\/\",\"name\":\"EXPOMUNICIPAL\",\"description\":\"Feria de Servicios Municipales\",\"publisher\":{\"@id\":\"https:\/\/www.expomunicipal.es\/gl\/#organization\"},\"potentialAction\":[{\"@type\":\"SearchAction\",\"target\":{\"@type\":\"EntryPoint\",\"urlTemplate\":\"https:\/\/www.expomunicipal.es\/gl\/?s={search_term_string}\"},\"query-input\":\"required name=search_term_string\"}],\"inLanguage\":\"gl-ES\"},{\"@type\":\"Organization\",\"@id\":\"https:\/\/www.expomunicipal.es\/gl\/#organization\",\"name\":\"SEDEXPO\",\"url\":\"https:\/\/www.expomunicipal.es\/gl\/\",\"logo\":{\"@type\":\"ImageObject\",\"inLanguage\":\"gl-ES\",\"@id\":\"https:\/\/www.expomunicipal.es\/gl\/#\/schema\/logo\/image\/\",\"url\":\"https:\/\/www.expobusiberia.comwp-content\/uploads\/2022\/02\/sedexpo-logo.png\",\"contentUrl\":\"https:\/\/www.expobusiberia.comwp-content\/uploads\/2022\/02\/sedexpo-logo.png\",\"width\":556,\"height\":556,\"caption\":\"SEDEXPO\"},\"image\":{\"@id\":\"https:\/\/www.expomunicipal.es\/gl\/#\/schema\/logo\/image\/\"},\"sameAs\":[\"https:\/\/www.facebook.com\/feriaSEDEXPO\",\"https:\/\/twitter.com\/feriasedexpo\",\"https:\/\/es.linkedin.com\/company\/sedexpo\"]},{\"@type\":\"Person\",\"@id\":\"https:\/\/www.expomunicipal.es\/gl\/#\/schema\/person\/1fc7315d6712a25472b2c1ce06566872\",\"name\":\"admin@SedExpo\",\"image\":{\"@type\":\"ImageObject\",\"inLanguage\":\"gl-ES\",\"@id\":\"https:\/\/www.expomunicipal.es\/gl\/#\/schema\/person\/image\/\",\"url\":\"https:\/\/secure.gravatar.com\/avatar\/2aee3a429c5c84b2486f82e4bb736b27e478d3632de0946f5aba7087273fe2cb?s=96&d=mm&r=g\",\"contentUrl\":\"https:\/\/secure.gravatar.com\/avatar\/2aee3a429c5c84b2486f82e4bb736b27e478d3632de0946f5aba7087273fe2cb?s=96&d=mm&r=g\",\"caption\":\"admin@SedExpo\"},\"sameAs\":[\"https:\/\/sedexpo.com\"],\"url\":\"https:\/\/www.expomunicipal.es\/gl\/author\/adminsedexpo\/\"}]}<\/script>\n<!-- \/ Yoast SEO plugin. -->","yoast_head_json":{"title":"Enerx\u00e9tika e ExpoMunicipal ref\u00f3rzanse na recta final para esta dobre cita feiral, que ter\u00e1 lugar do 25 ao 27 de marzo - EXPOMUNICIPAL","robots":{"index":"index","follow":"follow","max-snippet":"max-snippet:-1","max-image-preview":"max-image-preview:large","max-video-preview":"max-video-preview:-1"},"canonical":"https:\/\/www.expomunicipal.es\/gl\/enerxetika-y-expomunicipal-se-refuerzan-en-la-recta-final-para-esta-doble-cita-ferial-que-tendra-lugar-del-25-al-27-de-marzo\/","og_locale":"gl_ES","og_type":"article","og_title":"Enerx\u00e9tika e ExpoMunicipal ref\u00f3rzanse na recta final para esta dobre cita feiral, que ter\u00e1 lugar do 25 ao 27 de marzo - EXPOMUNICIPAL","og_description":"O SEU COMIT\u00c9 ORGANIZADOR REUNIUSE DE NOVO HOXE NA FEIRA INTERNACIONAL DE GALICIA ABANCA PARA ANALIZAR A EVOLUCI\u00d3N COMERCIAL DOS CERTAMES, DETERMINAR ACCI\u00d3NS DE INTERESE PARA O SEU IMPULSO NESTES DOUS \u00daLTIMOS MESES E DEFINIR O SEU PROGRAMA DE ACTIVIDADES M\u00c1IS DUNHA VINTENA DE ENTIDADES VINCULADAS CON AMBOS SECTORES PARTICIPARON NO ENCONTRO, NO QUE SE ... Ler m\u00e1is","og_url":"https:\/\/www.expomunicipal.es\/gl\/enerxetika-y-expomunicipal-se-refuerzan-en-la-recta-final-para-esta-doble-cita-ferial-que-tendra-lugar-del-25-al-27-de-marzo\/","og_site_name":"EXPOMUNICIPAL","article_publisher":"https:\/\/www.facebook.com\/feriaSEDEXPO","article_published_time":"2026-01-28T13:55:49+00:00","article_modified_time":"2026-01-28T13:58:33+00:00","og_image":[{"width":2560,"height":1441,"url":"https:\/\/www.expomunicipal.es\/wp-content\/uploads\/2026\/01\/Reunion-Comite-feiras-ExpoMunicipal-e-Enerxetika-DSC08878-scaled.jpg","type":"image\/jpeg"}],"author":"admin@SedExpo","twitter_card":"summary_large_image","twitter_creator":"@feriasedexpo","twitter_site":"@feriasedexpo","twitter_misc":{"Escrito por":"admin@SedExpo","Tempo de lectura":"3 minutos"},"schema":{"@context":"https:\/\/schema.org","@graph":[{"@type":"Article","@id":"https:\/\/www.expomunicipal.es\/gl\/enerxetika-y-expomunicipal-se-refuerzan-en-la-recta-final-para-esta-doble-cita-ferial-que-tendra-lugar-del-25-al-27-de-marzo\/#article","isPartOf":{"@id":"https:\/\/www.expomunicipal.es\/gl\/enerxetika-y-expomunicipal-se-refuerzan-en-la-recta-final-para-esta-doble-cita-ferial-que-tendra-lugar-del-25-al-27-de-marzo\/"},"author":{"name":"admin@SedExpo","@id":"https:\/\/www.expomunicipal.es\/gl\/#\/schema\/person\/1fc7315d6712a25472b2c1ce06566872"},"headline":"Enerx\u00e9tika e ExpoMunicipal ref\u00f3rzanse na recta final para esta dobre cita feiral, que ter\u00e1 lugar do 25 ao 27 de marzo","datePublished":"2026-01-28T13:55:49+00:00","dateModified":"2026-01-28T13:58:33+00:00","mainEntityOfPage":{"@id":"https:\/\/www.expomunicipal.es\/gl\/enerxetika-y-expomunicipal-se-refuerzan-en-la-recta-final-para-esta-doble-cita-ferial-que-tendra-lugar-del-25-al-27-de-marzo\/"},"wordCount":663,"publisher":{"@id":"https:\/\/www.expomunicipal.es\/gl\/#organization"},"articleSection":["Uncategorized @gl"],"inLanguage":"gl-ES"},{"@type":"WebPage","@id":"https:\/\/www.expomunicipal.es\/gl\/enerxetika-y-expomunicipal-se-refuerzan-en-la-recta-final-para-esta-doble-cita-ferial-que-tendra-lugar-del-25-al-27-de-marzo\/","url":"https:\/\/www.expomunicipal.es\/gl\/enerxetika-y-expomunicipal-se-refuerzan-en-la-recta-final-para-esta-doble-cita-ferial-que-tendra-lugar-del-25-al-27-de-marzo\/","name":"Enerx\u00e9tika e ExpoMunicipal ref\u00f3rzanse na recta final para esta dobre cita feiral, que ter\u00e1 lugar do 25 ao 27 de marzo - EXPOMUNICIPAL","isPartOf":{"@id":"https:\/\/www.expomunicipal.es\/gl\/#website"},"datePublished":"2026-01-28T13:55:49+00:00","dateModified":"2026-01-28T13:58:33+00:00","breadcrumb":{"@id":"https:\/\/www.expomunicipal.es\/gl\/enerxetika-y-expomunicipal-se-refuerzan-en-la-recta-final-para-esta-doble-cita-ferial-que-tendra-lugar-del-25-al-27-de-marzo\/#breadcrumb"},"inLanguage":"gl-ES","potentialAction":[{"@type":"ReadAction","target":["https:\/\/www.expomunicipal.es\/gl\/enerxetika-y-expomunicipal-se-refuerzan-en-la-recta-final-para-esta-doble-cita-ferial-que-tendra-lugar-del-25-al-27-de-marzo\/"]}]},{"@type":"BreadcrumbList","@id":"https:\/\/www.expomunicipal.es\/gl\/enerxetika-y-expomunicipal-se-refuerzan-en-la-recta-final-para-esta-doble-cita-ferial-que-tendra-lugar-del-25-al-27-de-marzo\/#breadcrumb","itemListElement":[{"@type":"ListItem","position":1,"name":"Portada","item":"https:\/\/www.expomunicipal.es\/gl\/"},{"@type":"ListItem","position":2,"name":"Enerx\u00e9tika e ExpoMunicipal ref\u00f3rzanse na recta final para esta dobre cita feiral, que ter\u00e1 lugar do 25 ao 27 de marzo"}]},{"@type":"WebSite","@id":"https:\/\/www.expomunicipal.es\/gl\/#website","url":"https:\/\/www.expomunicipal.es\/gl\/","name":"EXPOMUNICIPAL","description":"Feria de Servicios Municipales","publisher":{"@id":"https:\/\/www.expomunicipal.es\/gl\/#organization"},"potentialAction":[{"@type":"SearchAction","target":{"@type":"EntryPoint","urlTemplate":"https:\/\/www.expomunicipal.es\/gl\/?s={search_term_string}"},"query-input":"required name=search_term_string"}],"inLanguage":"gl-ES"},{"@type":"Organization","@id":"https:\/\/www.expomunicipal.es\/gl\/#organization","name":"SEDEXPO","url":"https:\/\/www.expomunicipal.es\/gl\/","logo":{"@type":"ImageObject","inLanguage":"gl-ES","@id":"https:\/\/www.expomunicipal.es\/gl\/#\/schema\/logo\/image\/","url":"https:\/\/www.expobusiberia.comwp-content\/uploads\/2022\/02\/sedexpo-logo.png","contentUrl":"https:\/\/www.expobusiberia.comwp-content\/uploads\/2022\/02\/sedexpo-logo.png","width":556,"height":556,"caption":"SEDEXPO"},"image":{"@id":"https:\/\/www.expomunicipal.es\/gl\/#\/schema\/logo\/image\/"},"sameAs":["https:\/\/www.facebook.com\/feriaSEDEXPO","https:\/\/twitter.com\/feriasedexpo","https:\/\/es.linkedin.com\/company\/sedexpo"]},{"@type":"Person","@id":"https:\/\/www.expomunicipal.es\/gl\/#\/schema\/person\/1fc7315d6712a25472b2c1ce06566872","name":"admin@SedExpo","image":{"@type":"ImageObject","inLanguage":"gl-ES","@id":"https:\/\/www.expomunicipal.es\/gl\/#\/schema\/person\/image\/","url":"https:\/\/secure.gravatar.com\/avatar\/2aee3a429c5c84b2486f82e4bb736b27e478d3632de0946f5aba7087273fe2cb?s=96&d=mm&r=g","contentUrl":"https:\/\/secure.gravatar.com\/avatar\/2aee3a429c5c84b2486f82e4bb736b27e478d3632de0946f5aba7087273fe2cb?s=96&d=mm&r=g","caption":"admin@SedExpo"},"sameAs":["https:\/\/sedexpo.com"],"url":"https:\/\/www.expomunicipal.es\/gl\/author\/adminsedexpo\/"}]}},"_links":{"self":[{"href":"https:\/\/www.expomunicipal.es\/gl\/wp-json\/wp\/v2\/posts\/4143","targetHints":{"allow":["GET"]}}],"collection":[{"href":"https:\/\/www.expomunicipal.es\/gl\/wp-json\/wp\/v2\/posts"}],"about":[{"href":"https:\/\/www.expomunicipal.es\/gl\/wp-json\/wp\/v2\/types\/post"}],"author":[{"embeddable":true,"href":"https:\/\/www.expomunicipal.es\/gl\/wp-json\/wp\/v2\/users\/1"}],"replies":[{"embeddable":true,"href":"https:\/\/www.expomunicipal.es\/gl\/wp-json\/wp\/v2\/comments?post=4143"}],"version-history":[{"count":1,"href":"https:\/\/www.expomunicipal.es\/gl\/wp-json\/wp\/v2\/posts\/4143\/revisions"}],"predecessor-version":[{"id":4144,"href":"https:\/\/www.expomunicipal.es\/gl\/wp-json\/wp\/v2\/posts\/4143\/revisions\/4144"}],"wp:featuredmedia":[{"embeddable":true,"href":"https:\/\/www.expomunicipal.es\/gl\/wp-json\/wp\/v2\/media\/4141"}],"wp:attachment":[{"href":"https:\/\/www.expomunicipal.es\/gl\/wp-json\/wp\/v2\/media?parent=4143"}],"wp:term":[{"taxonomy":"category","embeddable":true,"href":"https:\/\/www.expomunicipal.es\/gl\/wp-json\/wp\/v2\/categories?post=4143"},{"taxonomy":"post_tag","embeddable":true,"href":"https:\/\/www.expomunicipal.es\/gl\/wp-json\/wp\/v2\/tags?post=4143"}],"curies":[{"name":"wp","href":"https:\/\/api.w.org\/{rel}","templated":true}]}}