{"id":3926,"date":"2024-04-12T15:36:26","date_gmt":"2024-04-12T15:36:26","guid":{"rendered":"https:\/\/www.expomunicipal.es\/expomunicipal-2024-el-congreso-concellos-2030-presentaciones-y-demostraciones-centraron-el-programa-de-hoy\/"},"modified":"2024-04-12T15:40:22","modified_gmt":"2024-04-12T15:40:22","slug":"expomunicipal-2024-el-congreso-concellos-2030-presentaciones-y-demostraciones-centraron-el-programa-de-hoy","status":"publish","type":"post","link":"https:\/\/www.expomunicipal.es\/gl\/expomunicipal-2024-el-congreso-concellos-2030-presentaciones-y-demostraciones-centraron-el-programa-de-hoy\/","title":{"rendered":"ExpoMunicipal 2024: o congreso Concellos 2030, presentaci\u00f3ns e demostraci\u00f3ns centraron o programa de hoxe"},"content":{"rendered":"<ul>\n<li><strong>AUGA, ENERX\u00cdA E MOBILIDADE FORON ESTA MA\u00d1\u00c1 OS EIXOS DO CONGRESO, MENTRES QUE AS DEMOSTRACI\u00d3NS DOS EXPOSITORES INTENSIFIC\u00c1RONSE<\/strong><\/li>\n<li><strong>A I FEIRA DE SERVIZOS MUNICIPAIS CEL\u00c9BRASE DENDE HOXE E ATA MA\u00d1\u00c1 NA FEIRA INTERNACIONAL DE GALICIA ABANCA<\/strong><\/li>\n<\/ul>\n<p><strong><em>Silleda, 12 de abril de 2024.- <\/em><\/strong>A I Feira de Servizos Municipais, ExpoMunicipal 2024, a cal se celebra desde onte e ata ma\u00f1\u00e1 no recinto Feira Internacional de Galicia ABANCA (Silleda, Pontevedra), acolleu o congreso \u201cConcellos 2030\u201d.<\/p>\n<p>Esta interesante cita, que tivo lugar onte e durante a ma\u00f1\u00e1 de hoxe, cumpriu o seu obxectivo de compartir informaci\u00f3n sobre sustentabilidade entre t\u00e9cnicos e responsables das administraci\u00f3ns locais e empresas ligadas \u00e1 xesti\u00f3n dos recursos p\u00fablicos. As\u00ed participou unha trintena de relatoras e foron m\u00e1is de 340 persoas as que acudiron aos relatorios e mesas redondas centradas no ciclo de auga, o aforro enerx\u00e9tico, a xesti\u00f3n dos residuos e a mobilidade urbana, piares b\u00e1sicos para conseguir concellos m\u00e1is sostibles.<\/p>\n<p>Se a xornada de onte se centrou integramente na xesti\u00f3n de residuos, sum\u00e1ronse os outros tres bloques tem\u00e1ticos. O primeiro deles, sobre enerx\u00eda, comezou expo\u00f1endo a axenda enerx\u00e9tica galega, para logo falar do bio metano de man de Prezero e tam\u00e9n da implantaci\u00f3n de renovables e eficiencia enerx\u00e9tica no concello de Lugo, por parte de Miguel \u00c1ngel Negra, xefe do servizo de Medio Ambiente.<\/p>\n<p>En canto \u00e1 auga, Gonzalo Mosqueira, xerente de Augas de Galicia, expuxo a nova lei de mellora da xesti\u00f3n do ciclo integral da auga. O modelo de colaboraci\u00f3n p\u00fablico-privada e Perte de dixitalizaci\u00f3n de AquaOurense explicouno V\u00edctor Comesa\u00f1a, responsable t\u00e9cnico de AquaOurense, e Javier Bobe, director da \u00e1rea de Medio Ambiente da Deputaci\u00f3n de Ourense, mentres que Jos\u00e9 Ram\u00f3n V\u00e1zquez, xefe de departamento comercial zona norte de Aqualia Industrial, foi o encargado de falar de estaci\u00f3ns compactas de tratamento para pequenos n\u00facleos de poboaci\u00f3n. Ademais, levouse a cabo unha mesa redonda sobre retos das entidades locais galegas para os pr\u00f3ximos anos, con representantes de Augas de Galicia, Viaqua, Aqualia e Espina&amp;Delf\u00edn<\/p>\n<p>Por \u00faltimo, abordouse a mobilidade.\u00a0 Un plan de mobilidade do s\u00e9culo XXI foi o que describiu na s\u00faa intervenci\u00f3n Jos\u00e9 Luis Ca\u00f1avate, urbanista experto en mobilidade, mentres que as \u00e1reas de servizos para autocaravanas foron o tema abordado por Fabrizio Muzzati e Mireya Palau, de Aquiestoy Caravaning. Finalmente expux\u00e9ronse casos de \u00e9xito, como o proxecto BiciCoru\u00f1a e realizouse unha mesa redonda sobre mobilidade e traballo.<\/p>\n<p><strong>Demostraci\u00f3ns e presentaci\u00f3ns<\/strong><\/p>\n<p>O programa da feira acolle tam\u00e9n demostraci\u00f3ns dos produtos e servizos presentados polos expositores, que na xornada de hoxe foron moi numerosos.<\/p>\n<p>As\u00ed, os visitante puideron ver mostras de limpeza viaria de alta presi\u00f3n con maquinaria de gran autonom\u00eda e m\u00ednimo impacto sobre o firme, aspiraci\u00f3n de follas con equipos de alta capacidade, triturado de ramas con m\u00e1quinas dotadas de amplas <em>tolvas<\/em>, roza con mecanismos de control remoto sobre <em>orugas<\/em> para segar en condici\u00f3ns extremas, desatasque con novos dispositivos de presi\u00f3n,\u00a0 simulaci\u00f3n de limpeza de praias con innovadores equipos ou o funcionamento de softwares de detecci\u00f3n de irregularidades catastrais mediante o uso de intelixencia artificial.<\/p>\n<p>As\u00ed mesmo, realiz\u00e1ronse outras actividades, como presentaci\u00f3ns de servizos e proxectos e tam\u00e9n catas de augas.<\/p>\n<h4 class=\"accssme-widget-titles\"><strong class=\"accssme-widget-text\">&gt;&gt;&gt;\u00a0<a class=\"accssme-widget-links accssme-widget-text\" href=\"https:\/\/photos.app.goo.gl\/4NFTWHrPPiibhUzSA\" target=\"_blank\" rel=\"noopener\">Fotograf\u00edas de ExpoMunicipal 2024<\/a><\/strong><\/h4>\n","protected":false},"excerpt":{"rendered":"<p>AUGA, ENERX\u00cdA E MOBILIDADE FORON ESTA MA\u00d1\u00c1 OS EIXOS DO CONGRESO, MENTRES QUE AS DEMOSTRACI\u00d3NS DOS EXPOSITORES INTENSIFIC\u00c1RONSE A I FEIRA DE SERVIZOS MUNICIPAIS CEL\u00c9BRASE DENDE HOXE E ATA MA\u00d1\u00c1 NA FEIRA INTERNACIONAL DE GALICIA ABANCA Silleda, 12 de abril de 2024.- A I Feira de Servizos Municipais, ExpoMunicipal 2024, a cal se celebra desde &#8230; <a title=\"ExpoMunicipal 2024: o congreso Concellos 2030, presentaci\u00f3ns e demostraci\u00f3ns centraron o programa de hoxe\" class=\"read-more\" href=\"https:\/\/www.expomunicipal.es\/gl\/expomunicipal-2024-el-congreso-concellos-2030-presentaciones-y-demostraciones-centraron-el-programa-de-hoy\/\" aria-label=\"M\u00e1is en ExpoMunicipal 2024: o congreso Concellos 2030, presentaci\u00f3ns e demostraci\u00f3ns centraron o programa de hoxe\">Ler m\u00e1is<\/a><\/p>\n","protected":false},"author":1,"featured_media":3923,"comment_status":"closed","ping_status":"closed","sticky":false,"template":"","format":"standard","meta":{"footnotes":""},"categories":[18],"tags":[],"class_list":["post-3926","post","type-post","status-publish","format-standard","has-post-thumbnail","hentry","category-uncategorized-gl"],"acf":[],"yoast_head":"<!-- This site is optimized with the Yoast SEO plugin v20.4 - https:\/\/yoast.com\/wordpress\/plugins\/seo\/ -->\n<title>ExpoMunicipal 2024: o congreso Concellos 2030, presentaci\u00f3ns e demostraci\u00f3ns centraron o programa de hoxe - EXPOMUNICIPAL<\/title>\n<meta name=\"robots\" content=\"index, follow, max-snippet:-1, max-image-preview:large, max-video-preview:-1\" \/>\n<link rel=\"canonical\" href=\"https:\/\/www.expomunicipal.es\/gl\/expomunicipal-2024-el-congreso-concellos-2030-presentaciones-y-demostraciones-centraron-el-programa-de-hoy\/\" \/>\n<meta property=\"og:locale\" content=\"gl_ES\" \/>\n<meta property=\"og:type\" content=\"article\" \/>\n<meta property=\"og:title\" content=\"ExpoMunicipal 2024: o congreso Concellos 2030, presentaci\u00f3ns e demostraci\u00f3ns centraron o programa de hoxe - EXPOMUNICIPAL\" \/>\n<meta property=\"og:description\" content=\"AUGA, ENERX\u00cdA E MOBILIDADE FORON ESTA MA\u00d1\u00c1 OS EIXOS DO CONGRESO, MENTRES QUE AS DEMOSTRACI\u00d3NS DOS EXPOSITORES INTENSIFIC\u00c1RONSE A I FEIRA DE SERVIZOS MUNICIPAIS CEL\u00c9BRASE DENDE HOXE E ATA MA\u00d1\u00c1 NA FEIRA INTERNACIONAL DE GALICIA ABANCA Silleda, 12 de abril de 2024.- A I Feira de Servizos Municipais, ExpoMunicipal 2024, a cal se celebra desde ... Ler m\u00e1is\" \/>\n<meta property=\"og:url\" content=\"https:\/\/www.expomunicipal.es\/gl\/expomunicipal-2024-el-congreso-concellos-2030-presentaciones-y-demostraciones-centraron-el-programa-de-hoy\/\" \/>\n<meta property=\"og:site_name\" content=\"EXPOMUNICIPAL\" \/>\n<meta property=\"article:publisher\" content=\"https:\/\/www.facebook.com\/feriaSEDEXPO\" \/>\n<meta property=\"article:published_time\" content=\"2024-04-12T15:36:26+00:00\" \/>\n<meta property=\"article:modified_time\" content=\"2024-04-12T15:40:22+00:00\" \/>\n<meta property=\"og:image\" content=\"https:\/\/www.expomunicipal.es\/wp-content\/uploads\/2024\/04\/Demostracion-maquinaria-limpeza-de-praias-en-ExpoMunicipal.jpg\" \/>\n\t<meta property=\"og:image:width\" content=\"1500\" \/>\n\t<meta property=\"og:image:height\" content=\"844\" \/>\n\t<meta property=\"og:image:type\" content=\"image\/jpeg\" \/>\n<meta name=\"author\" content=\"admin@SedExpo\" \/>\n<meta name=\"twitter:card\" content=\"summary_large_image\" \/>\n<meta name=\"twitter:creator\" content=\"@feriasedexpo\" \/>\n<meta name=\"twitter:site\" content=\"@feriasedexpo\" \/>\n<meta name=\"twitter:label1\" content=\"Escrito por\" \/>\n\t<meta name=\"twitter:data1\" content=\"admin@SedExpo\" \/>\n\t<meta name=\"twitter:label2\" content=\"Tempo de lectura\" \/>\n\t<meta name=\"twitter:data2\" content=\"3 minutos\" \/>\n<script type=\"application\/ld+json\" class=\"yoast-schema-graph\">{\"@context\":\"https:\/\/schema.org\",\"@graph\":[{\"@type\":\"Article\",\"@id\":\"https:\/\/www.expomunicipal.es\/gl\/expomunicipal-2024-el-congreso-concellos-2030-presentaciones-y-demostraciones-centraron-el-programa-de-hoy\/#article\",\"isPartOf\":{\"@id\":\"https:\/\/www.expomunicipal.es\/gl\/expomunicipal-2024-el-congreso-concellos-2030-presentaciones-y-demostraciones-centraron-el-programa-de-hoy\/\"},\"author\":{\"name\":\"admin@SedExpo\",\"@id\":\"https:\/\/www.expomunicipal.es\/gl\/#\/schema\/person\/1fc7315d6712a25472b2c1ce06566872\"},\"headline\":\"ExpoMunicipal 2024: o congreso Concellos 2030, presentaci\u00f3ns e demostraci\u00f3ns centraron o programa de hoxe\",\"datePublished\":\"2024-04-12T15:36:26+00:00\",\"dateModified\":\"2024-04-12T15:40:22+00:00\",\"mainEntityOfPage\":{\"@id\":\"https:\/\/www.expomunicipal.es\/gl\/expomunicipal-2024-el-congreso-concellos-2030-presentaciones-y-demostraciones-centraron-el-programa-de-hoy\/\"},\"wordCount\":594,\"publisher\":{\"@id\":\"https:\/\/www.expomunicipal.es\/gl\/#organization\"},\"articleSection\":[\"Uncategorized @gl\"],\"inLanguage\":\"gl-ES\"},{\"@type\":\"WebPage\",\"@id\":\"https:\/\/www.expomunicipal.es\/gl\/expomunicipal-2024-el-congreso-concellos-2030-presentaciones-y-demostraciones-centraron-el-programa-de-hoy\/\",\"url\":\"https:\/\/www.expomunicipal.es\/gl\/expomunicipal-2024-el-congreso-concellos-2030-presentaciones-y-demostraciones-centraron-el-programa-de-hoy\/\",\"name\":\"ExpoMunicipal 2024: o congreso Concellos 2030, presentaci\u00f3ns e demostraci\u00f3ns centraron o programa de hoxe - EXPOMUNICIPAL\",\"isPartOf\":{\"@id\":\"https:\/\/www.expomunicipal.es\/gl\/#website\"},\"datePublished\":\"2024-04-12T15:36:26+00:00\",\"dateModified\":\"2024-04-12T15:40:22+00:00\",\"breadcrumb\":{\"@id\":\"https:\/\/www.expomunicipal.es\/gl\/expomunicipal-2024-el-congreso-concellos-2030-presentaciones-y-demostraciones-centraron-el-programa-de-hoy\/#breadcrumb\"},\"inLanguage\":\"gl-ES\",\"potentialAction\":[{\"@type\":\"ReadAction\",\"target\":[\"https:\/\/www.expomunicipal.es\/gl\/expomunicipal-2024-el-congreso-concellos-2030-presentaciones-y-demostraciones-centraron-el-programa-de-hoy\/\"]}]},{\"@type\":\"BreadcrumbList\",\"@id\":\"https:\/\/www.expomunicipal.es\/gl\/expomunicipal-2024-el-congreso-concellos-2030-presentaciones-y-demostraciones-centraron-el-programa-de-hoy\/#breadcrumb\",\"itemListElement\":[{\"@type\":\"ListItem\",\"position\":1,\"name\":\"Portada\",\"item\":\"https:\/\/www.expomunicipal.es\/gl\/\"},{\"@type\":\"ListItem\",\"position\":2,\"name\":\"ExpoMunicipal 2024: o congreso Concellos 2030, presentaci\u00f3ns e demostraci\u00f3ns centraron o programa de hoxe\"}]},{\"@type\":\"WebSite\",\"@id\":\"https:\/\/www.expomunicipal.es\/gl\/#website\",\"url\":\"https:\/\/www.expomunicipal.es\/gl\/\",\"name\":\"EXPOMUNICIPAL\",\"description\":\"Feria de Servicios Municipales\",\"publisher\":{\"@id\":\"https:\/\/www.expomunicipal.es\/gl\/#organization\"},\"potentialAction\":[{\"@type\":\"SearchAction\",\"target\":{\"@type\":\"EntryPoint\",\"urlTemplate\":\"https:\/\/www.expomunicipal.es\/gl\/?s={search_term_string}\"},\"query-input\":\"required name=search_term_string\"}],\"inLanguage\":\"gl-ES\"},{\"@type\":\"Organization\",\"@id\":\"https:\/\/www.expomunicipal.es\/gl\/#organization\",\"name\":\"SEDEXPO\",\"url\":\"https:\/\/www.expomunicipal.es\/gl\/\",\"logo\":{\"@type\":\"ImageObject\",\"inLanguage\":\"gl-ES\",\"@id\":\"https:\/\/www.expomunicipal.es\/gl\/#\/schema\/logo\/image\/\",\"url\":\"https:\/\/www.expobusiberia.comwp-content\/uploads\/2022\/02\/sedexpo-logo.png\",\"contentUrl\":\"https:\/\/www.expobusiberia.comwp-content\/uploads\/2022\/02\/sedexpo-logo.png\",\"width\":556,\"height\":556,\"caption\":\"SEDEXPO\"},\"image\":{\"@id\":\"https:\/\/www.expomunicipal.es\/gl\/#\/schema\/logo\/image\/\"},\"sameAs\":[\"https:\/\/www.facebook.com\/feriaSEDEXPO\",\"https:\/\/twitter.com\/feriasedexpo\",\"https:\/\/es.linkedin.com\/company\/sedexpo\"]},{\"@type\":\"Person\",\"@id\":\"https:\/\/www.expomunicipal.es\/gl\/#\/schema\/person\/1fc7315d6712a25472b2c1ce06566872\",\"name\":\"admin@SedExpo\",\"image\":{\"@type\":\"ImageObject\",\"inLanguage\":\"gl-ES\",\"@id\":\"https:\/\/www.expomunicipal.es\/gl\/#\/schema\/person\/image\/\",\"url\":\"https:\/\/secure.gravatar.com\/avatar\/2aee3a429c5c84b2486f82e4bb736b27e478d3632de0946f5aba7087273fe2cb?s=96&d=mm&r=g\",\"contentUrl\":\"https:\/\/secure.gravatar.com\/avatar\/2aee3a429c5c84b2486f82e4bb736b27e478d3632de0946f5aba7087273fe2cb?s=96&d=mm&r=g\",\"caption\":\"admin@SedExpo\"},\"sameAs\":[\"https:\/\/sedexpo.com\"],\"url\":\"https:\/\/www.expomunicipal.es\/gl\/author\/adminsedexpo\/\"}]}<\/script>\n<!-- \/ Yoast SEO plugin. -->","yoast_head_json":{"title":"ExpoMunicipal 2024: o congreso Concellos 2030, presentaci\u00f3ns e demostraci\u00f3ns centraron o programa de hoxe - EXPOMUNICIPAL","robots":{"index":"index","follow":"follow","max-snippet":"max-snippet:-1","max-image-preview":"max-image-preview:large","max-video-preview":"max-video-preview:-1"},"canonical":"https:\/\/www.expomunicipal.es\/gl\/expomunicipal-2024-el-congreso-concellos-2030-presentaciones-y-demostraciones-centraron-el-programa-de-hoy\/","og_locale":"gl_ES","og_type":"article","og_title":"ExpoMunicipal 2024: o congreso Concellos 2030, presentaci\u00f3ns e demostraci\u00f3ns centraron o programa de hoxe - EXPOMUNICIPAL","og_description":"AUGA, ENERX\u00cdA E MOBILIDADE FORON ESTA MA\u00d1\u00c1 OS EIXOS DO CONGRESO, MENTRES QUE AS DEMOSTRACI\u00d3NS DOS EXPOSITORES INTENSIFIC\u00c1RONSE A I FEIRA DE SERVIZOS MUNICIPAIS CEL\u00c9BRASE DENDE HOXE E ATA MA\u00d1\u00c1 NA FEIRA INTERNACIONAL DE GALICIA ABANCA Silleda, 12 de abril de 2024.- A I Feira de Servizos Municipais, ExpoMunicipal 2024, a cal se celebra desde ... Ler m\u00e1is","og_url":"https:\/\/www.expomunicipal.es\/gl\/expomunicipal-2024-el-congreso-concellos-2030-presentaciones-y-demostraciones-centraron-el-programa-de-hoy\/","og_site_name":"EXPOMUNICIPAL","article_publisher":"https:\/\/www.facebook.com\/feriaSEDEXPO","article_published_time":"2024-04-12T15:36:26+00:00","article_modified_time":"2024-04-12T15:40:22+00:00","og_image":[{"width":1500,"height":844,"url":"https:\/\/www.expomunicipal.es\/wp-content\/uploads\/2024\/04\/Demostracion-maquinaria-limpeza-de-praias-en-ExpoMunicipal.jpg","type":"image\/jpeg"}],"author":"admin@SedExpo","twitter_card":"summary_large_image","twitter_creator":"@feriasedexpo","twitter_site":"@feriasedexpo","twitter_misc":{"Escrito por":"admin@SedExpo","Tempo de lectura":"3 minutos"},"schema":{"@context":"https:\/\/schema.org","@graph":[{"@type":"Article","@id":"https:\/\/www.expomunicipal.es\/gl\/expomunicipal-2024-el-congreso-concellos-2030-presentaciones-y-demostraciones-centraron-el-programa-de-hoy\/#article","isPartOf":{"@id":"https:\/\/www.expomunicipal.es\/gl\/expomunicipal-2024-el-congreso-concellos-2030-presentaciones-y-demostraciones-centraron-el-programa-de-hoy\/"},"author":{"name":"admin@SedExpo","@id":"https:\/\/www.expomunicipal.es\/gl\/#\/schema\/person\/1fc7315d6712a25472b2c1ce06566872"},"headline":"ExpoMunicipal 2024: o congreso Concellos 2030, presentaci\u00f3ns e demostraci\u00f3ns centraron o programa de hoxe","datePublished":"2024-04-12T15:36:26+00:00","dateModified":"2024-04-12T15:40:22+00:00","mainEntityOfPage":{"@id":"https:\/\/www.expomunicipal.es\/gl\/expomunicipal-2024-el-congreso-concellos-2030-presentaciones-y-demostraciones-centraron-el-programa-de-hoy\/"},"wordCount":594,"publisher":{"@id":"https:\/\/www.expomunicipal.es\/gl\/#organization"},"articleSection":["Uncategorized @gl"],"inLanguage":"gl-ES"},{"@type":"WebPage","@id":"https:\/\/www.expomunicipal.es\/gl\/expomunicipal-2024-el-congreso-concellos-2030-presentaciones-y-demostraciones-centraron-el-programa-de-hoy\/","url":"https:\/\/www.expomunicipal.es\/gl\/expomunicipal-2024-el-congreso-concellos-2030-presentaciones-y-demostraciones-centraron-el-programa-de-hoy\/","name":"ExpoMunicipal 2024: o congreso Concellos 2030, presentaci\u00f3ns e demostraci\u00f3ns centraron o programa de hoxe - EXPOMUNICIPAL","isPartOf":{"@id":"https:\/\/www.expomunicipal.es\/gl\/#website"},"datePublished":"2024-04-12T15:36:26+00:00","dateModified":"2024-04-12T15:40:22+00:00","breadcrumb":{"@id":"https:\/\/www.expomunicipal.es\/gl\/expomunicipal-2024-el-congreso-concellos-2030-presentaciones-y-demostraciones-centraron-el-programa-de-hoy\/#breadcrumb"},"inLanguage":"gl-ES","potentialAction":[{"@type":"ReadAction","target":["https:\/\/www.expomunicipal.es\/gl\/expomunicipal-2024-el-congreso-concellos-2030-presentaciones-y-demostraciones-centraron-el-programa-de-hoy\/"]}]},{"@type":"BreadcrumbList","@id":"https:\/\/www.expomunicipal.es\/gl\/expomunicipal-2024-el-congreso-concellos-2030-presentaciones-y-demostraciones-centraron-el-programa-de-hoy\/#breadcrumb","itemListElement":[{"@type":"ListItem","position":1,"name":"Portada","item":"https:\/\/www.expomunicipal.es\/gl\/"},{"@type":"ListItem","position":2,"name":"ExpoMunicipal 2024: o congreso Concellos 2030, presentaci\u00f3ns e demostraci\u00f3ns centraron o programa de hoxe"}]},{"@type":"WebSite","@id":"https:\/\/www.expomunicipal.es\/gl\/#website","url":"https:\/\/www.expomunicipal.es\/gl\/","name":"EXPOMUNICIPAL","description":"Feria de Servicios Municipales","publisher":{"@id":"https:\/\/www.expomunicipal.es\/gl\/#organization"},"potentialAction":[{"@type":"SearchAction","target":{"@type":"EntryPoint","urlTemplate":"https:\/\/www.expomunicipal.es\/gl\/?s={search_term_string}"},"query-input":"required name=search_term_string"}],"inLanguage":"gl-ES"},{"@type":"Organization","@id":"https:\/\/www.expomunicipal.es\/gl\/#organization","name":"SEDEXPO","url":"https:\/\/www.expomunicipal.es\/gl\/","logo":{"@type":"ImageObject","inLanguage":"gl-ES","@id":"https:\/\/www.expomunicipal.es\/gl\/#\/schema\/logo\/image\/","url":"https:\/\/www.expobusiberia.comwp-content\/uploads\/2022\/02\/sedexpo-logo.png","contentUrl":"https:\/\/www.expobusiberia.comwp-content\/uploads\/2022\/02\/sedexpo-logo.png","width":556,"height":556,"caption":"SEDEXPO"},"image":{"@id":"https:\/\/www.expomunicipal.es\/gl\/#\/schema\/logo\/image\/"},"sameAs":["https:\/\/www.facebook.com\/feriaSEDEXPO","https:\/\/twitter.com\/feriasedexpo","https:\/\/es.linkedin.com\/company\/sedexpo"]},{"@type":"Person","@id":"https:\/\/www.expomunicipal.es\/gl\/#\/schema\/person\/1fc7315d6712a25472b2c1ce06566872","name":"admin@SedExpo","image":{"@type":"ImageObject","inLanguage":"gl-ES","@id":"https:\/\/www.expomunicipal.es\/gl\/#\/schema\/person\/image\/","url":"https:\/\/secure.gravatar.com\/avatar\/2aee3a429c5c84b2486f82e4bb736b27e478d3632de0946f5aba7087273fe2cb?s=96&d=mm&r=g","contentUrl":"https:\/\/secure.gravatar.com\/avatar\/2aee3a429c5c84b2486f82e4bb736b27e478d3632de0946f5aba7087273fe2cb?s=96&d=mm&r=g","caption":"admin@SedExpo"},"sameAs":["https:\/\/sedexpo.com"],"url":"https:\/\/www.expomunicipal.es\/gl\/author\/adminsedexpo\/"}]}},"_links":{"self":[{"href":"https:\/\/www.expomunicipal.es\/gl\/wp-json\/wp\/v2\/posts\/3926","targetHints":{"allow":["GET"]}}],"collection":[{"href":"https:\/\/www.expomunicipal.es\/gl\/wp-json\/wp\/v2\/posts"}],"about":[{"href":"https:\/\/www.expomunicipal.es\/gl\/wp-json\/wp\/v2\/types\/post"}],"author":[{"embeddable":true,"href":"https:\/\/www.expomunicipal.es\/gl\/wp-json\/wp\/v2\/users\/1"}],"replies":[{"embeddable":true,"href":"https:\/\/www.expomunicipal.es\/gl\/wp-json\/wp\/v2\/comments?post=3926"}],"version-history":[{"count":1,"href":"https:\/\/www.expomunicipal.es\/gl\/wp-json\/wp\/v2\/posts\/3926\/revisions"}],"predecessor-version":[{"id":3927,"href":"https:\/\/www.expomunicipal.es\/gl\/wp-json\/wp\/v2\/posts\/3926\/revisions\/3927"}],"wp:featuredmedia":[{"embeddable":true,"href":"https:\/\/www.expomunicipal.es\/gl\/wp-json\/wp\/v2\/media\/3923"}],"wp:attachment":[{"href":"https:\/\/www.expomunicipal.es\/gl\/wp-json\/wp\/v2\/media?parent=3926"}],"wp:term":[{"taxonomy":"category","embeddable":true,"href":"https:\/\/www.expomunicipal.es\/gl\/wp-json\/wp\/v2\/categories?post=3926"},{"taxonomy":"post_tag","embeddable":true,"href":"https:\/\/www.expomunicipal.es\/gl\/wp-json\/wp\/v2\/tags?post=3926"}],"curies":[{"name":"wp","href":"https:\/\/api.w.org\/{rel}","templated":true}]}}