{"id":3865,"date":"2024-04-07T13:26:44","date_gmt":"2024-04-07T13:26:44","guid":{"rendered":"https:\/\/www.expomunicipal.es\/las-administraciones-y-tecnicos-locales-podran-ver-en-las-demostraciones-de-expomunicipal-2024-las-utilidades-de-novedosos-productos-y-servicios\/"},"modified":"2024-04-07T13:29:16","modified_gmt":"2024-04-07T13:29:16","slug":"las-administraciones-y-tecnicos-locales-podran-ver-en-las-demostraciones-de-expomunicipal-2024-las-utilidades-de-novedosos-productos-y-servicios","status":"publish","type":"post","link":"https:\/\/www.expomunicipal.es\/gl\/las-administraciones-y-tecnicos-locales-podran-ver-en-las-demostraciones-de-expomunicipal-2024-las-utilidades-de-novedosos-productos-y-servicios\/","title":{"rendered":"As administraci\u00f3ns e t\u00e9cnicos locais poder\u00e1n ver nas demostraci\u00f3ns de ExpoMunicipal 2024 as utilidades de novidosos produtos e servizos"},"content":{"rendered":"<ul>\n<li><strong>ESTA FEIRA DE SERVIZOS MUNICIPAIS CELEBRAR\u00c1 A S\u00daA PRIMEIRA EDICI\u00d3N DO 11 AO 13 DE ABRIL NA FEIRA INTERNACIONAL DE GALICIA ABANCA (SILLEDA, PONTEVEDRA)<\/strong><\/li>\n<\/ul>\n<ul>\n<li><strong>SER\u00c1 UN ATRACTIVO ESCAPARATE DE PROPOSTA QUE DAR\u00c1N RESPOSTA \u00c1S NECESIDADES E RETOS DOS MUNICIPIOS ANTE O ACTUAL ESCENARIO SOCIAL<\/strong><\/li>\n<\/ul>\n<p><strong><em>Silleda, 6 de abril de 2024.- <\/em><\/strong>A Feira Internacional de Galicia ABANCA (Silleda, Pontevedra) ultima xa a primeira edici\u00f3n da Feira de Servizos Municipais, ExpoMunicipal 2024, que ter\u00e1 lugar de forma paralela \u00e1 feira Enerx\u00e9tika do 11 ao 13 de abril e en cuxa organizaci\u00f3n conta co apoio da Vicepresidencia Primeira da Xunta de Galicia a trav\u00e9s da Direcci\u00f3n Xeral de Administraci\u00f3n Local.<\/p>\n<p>ExpoMunicipal dar\u00e1 resposta \u00e1s necesidades e retos dos municipios ante o actual escenario social, o cal esixe cidades m\u00e1is sostibles, eficientes, accesibles, seguras e verdes.\u00a0 Para iso a s\u00faa \u00e1rea expositiva mostrar\u00e1 o \u00faltimo en equipamento e servizos municipais de man de empresas l\u00edderes no sector centradas en mobiliario urbano, limpeza, ciclo da auga, xesti\u00f3n e tratamento de residuos, medio ambiente, enerx\u00edas alternativas, obra p\u00fablica, sinalizaci\u00f3n, xardiner\u00eda e paisaxismo, mobilidade urbana, instalaci\u00f3ns deportivas e de lecer, iluminaci\u00f3n, xesti\u00f3n cultural, tecnolox\u00eda para monitorizaci\u00f3n de estradas, xesti\u00f3n documental e catastral, concesionarias, alugueiro e venda de maquinaria para servizos municipais, subministraci\u00f3ns ou consultor\u00eda.<\/p>\n<p>Propostas que nalg\u00fans casos poder\u00e1n verse en funcionamento, co obxectivo de que corporaci\u00f3ns municipais, empresas de servizos, t\u00e9cnicos municipais, enxe\u00f1eiros ou consultores poidan ver in situ as s\u00faas prestaci\u00f3ns, vantaxes e utilidades.<\/p>\n<p>As\u00ed, o programa da feira incluir\u00e1 numerosas demostraci\u00f3ns nas que se mostrar\u00e1 limpeza viaria de alta presi\u00f3n con maquinaria de gran autonom\u00eda e m\u00ednimo impacto sobre o firme, aspiraci\u00f3n de follas con equipos de alta capacidade, triturado de ramas con m\u00e1quinas dotadas de amplas<em> tolvas<\/em>, roza con mecanismos de control remoto sobre <em>orugas<\/em> para segar en condici\u00f3ns extremas, desatasque con novos dispositivos de presi\u00f3n ou simulaci\u00f3n de limpeza de praias con innovadores equipos.<\/p>\n<p>Tam\u00e9n se poder\u00e1 ver o funcionamento de softwares de detecci\u00f3n de irregularidades catastrais mediante o uso de intelixencia artificial ou sistemas de monitorizaci\u00f3n de anomal\u00edas ou defectos na rede viaria, ademais de realizar outras actividades como cata de augas, entre outros.<\/p>\n","protected":false},"excerpt":{"rendered":"<p>ESTA FEIRA DE SERVIZOS MUNICIPAIS CELEBRAR\u00c1 A S\u00daA PRIMEIRA EDICI\u00d3N DO 11 AO 13 DE ABRIL NA FEIRA INTERNACIONAL DE GALICIA ABANCA (SILLEDA, PONTEVEDRA) SER\u00c1 UN ATRACTIVO ESCAPARATE DE PROPOSTA QUE DAR\u00c1N RESPOSTA \u00c1S NECESIDADES E RETOS DOS MUNICIPIOS ANTE O ACTUAL ESCENARIO SOCIAL Silleda, 6 de abril de 2024.- A Feira Internacional de Galicia &#8230; <a title=\"As administraci\u00f3ns e t\u00e9cnicos locais poder\u00e1n ver nas demostraci\u00f3ns de ExpoMunicipal 2024 as utilidades de novidosos produtos e servizos\" class=\"read-more\" href=\"https:\/\/www.expomunicipal.es\/gl\/las-administraciones-y-tecnicos-locales-podran-ver-en-las-demostraciones-de-expomunicipal-2024-las-utilidades-de-novedosos-productos-y-servicios\/\" aria-label=\"M\u00e1is en As administraci\u00f3ns e t\u00e9cnicos locais poder\u00e1n ver nas demostraci\u00f3ns de ExpoMunicipal 2024 as utilidades de novidosos produtos e servizos\">Ler m\u00e1is<\/a><\/p>\n","protected":false},"author":1,"featured_media":3863,"comment_status":"closed","ping_status":"closed","sticky":false,"template":"","format":"standard","meta":{"footnotes":""},"categories":[18],"tags":[],"class_list":["post-3865","post","type-post","status-publish","format-standard","has-post-thumbnail","hentry","category-uncategorized-gl"],"acf":[],"yoast_head":"<!-- This site is optimized with the Yoast SEO plugin v20.4 - https:\/\/yoast.com\/wordpress\/plugins\/seo\/ -->\n<title>As administraci\u00f3ns e t\u00e9cnicos locais poder\u00e1n ver nas demostraci\u00f3ns de ExpoMunicipal 2024 as utilidades de novidosos produtos e servizos - EXPOMUNICIPAL<\/title>\n<meta name=\"robots\" content=\"index, follow, max-snippet:-1, max-image-preview:large, max-video-preview:-1\" \/>\n<link rel=\"canonical\" href=\"https:\/\/www.expomunicipal.es\/gl\/las-administraciones-y-tecnicos-locales-podran-ver-en-las-demostraciones-de-expomunicipal-2024-las-utilidades-de-novedosos-productos-y-servicios\/\" \/>\n<meta property=\"og:locale\" content=\"gl_ES\" \/>\n<meta property=\"og:type\" content=\"article\" \/>\n<meta property=\"og:title\" content=\"As administraci\u00f3ns e t\u00e9cnicos locais poder\u00e1n ver nas demostraci\u00f3ns de ExpoMunicipal 2024 as utilidades de novidosos produtos e servizos - EXPOMUNICIPAL\" \/>\n<meta property=\"og:description\" content=\"ESTA FEIRA DE SERVIZOS MUNICIPAIS CELEBRAR\u00c1 A S\u00daA PRIMEIRA EDICI\u00d3N DO 11 AO 13 DE ABRIL NA FEIRA INTERNACIONAL DE GALICIA ABANCA (SILLEDA, PONTEVEDRA) SER\u00c1 UN ATRACTIVO ESCAPARATE DE PROPOSTA QUE DAR\u00c1N RESPOSTA \u00c1S NECESIDADES E RETOS DOS MUNICIPIOS ANTE O ACTUAL ESCENARIO SOCIAL Silleda, 6 de abril de 2024.- A Feira Internacional de Galicia ... Ler m\u00e1is\" \/>\n<meta property=\"og:url\" content=\"https:\/\/www.expomunicipal.es\/gl\/las-administraciones-y-tecnicos-locales-podran-ver-en-las-demostraciones-de-expomunicipal-2024-las-utilidades-de-novedosos-productos-y-servicios\/\" \/>\n<meta property=\"og:site_name\" content=\"EXPOMUNICIPAL\" \/>\n<meta property=\"article:publisher\" content=\"https:\/\/www.facebook.com\/feriaSEDEXPO\" \/>\n<meta property=\"article:published_time\" content=\"2024-04-07T13:26:44+00:00\" \/>\n<meta property=\"article:modified_time\" content=\"2024-04-07T13:29:16+00:00\" \/>\n<meta property=\"og:image\" content=\"https:\/\/www.expomunicipal.es\/wp-content\/uploads\/2024\/04\/Demostracion-nun-certame-da-Feira-Internacional-de-Galicia-ABANCA.jpg\" \/>\n\t<meta property=\"og:image:width\" content=\"1500\" \/>\n\t<meta property=\"og:image:height\" content=\"847\" \/>\n\t<meta property=\"og:image:type\" content=\"image\/jpeg\" \/>\n<meta name=\"author\" content=\"admin@SedExpo\" \/>\n<meta name=\"twitter:card\" content=\"summary_large_image\" \/>\n<meta name=\"twitter:creator\" content=\"@feriasedexpo\" \/>\n<meta name=\"twitter:site\" content=\"@feriasedexpo\" \/>\n<meta name=\"twitter:label1\" content=\"Escrito por\" \/>\n\t<meta name=\"twitter:data1\" content=\"admin@SedExpo\" \/>\n\t<meta name=\"twitter:label2\" content=\"Tempo de lectura\" \/>\n\t<meta name=\"twitter:data2\" content=\"2 minutos\" \/>\n<script type=\"application\/ld+json\" class=\"yoast-schema-graph\">{\"@context\":\"https:\/\/schema.org\",\"@graph\":[{\"@type\":\"Article\",\"@id\":\"https:\/\/www.expomunicipal.es\/gl\/las-administraciones-y-tecnicos-locales-podran-ver-en-las-demostraciones-de-expomunicipal-2024-las-utilidades-de-novedosos-productos-y-servicios\/#article\",\"isPartOf\":{\"@id\":\"https:\/\/www.expomunicipal.es\/gl\/las-administraciones-y-tecnicos-locales-podran-ver-en-las-demostraciones-de-expomunicipal-2024-las-utilidades-de-novedosos-productos-y-servicios\/\"},\"author\":{\"name\":\"admin@SedExpo\",\"@id\":\"https:\/\/www.expomunicipal.es\/gl\/#\/schema\/person\/1fc7315d6712a25472b2c1ce06566872\"},\"headline\":\"As administraci\u00f3ns e t\u00e9cnicos locais poder\u00e1n ver nas demostraci\u00f3ns de ExpoMunicipal 2024 as utilidades de novidosos produtos e servizos\",\"datePublished\":\"2024-04-07T13:26:44+00:00\",\"dateModified\":\"2024-04-07T13:29:16+00:00\",\"mainEntityOfPage\":{\"@id\":\"https:\/\/www.expomunicipal.es\/gl\/las-administraciones-y-tecnicos-locales-podran-ver-en-las-demostraciones-de-expomunicipal-2024-las-utilidades-de-novedosos-productos-y-servicios\/\"},\"wordCount\":413,\"publisher\":{\"@id\":\"https:\/\/www.expomunicipal.es\/gl\/#organization\"},\"articleSection\":[\"Uncategorized @gl\"],\"inLanguage\":\"gl-ES\"},{\"@type\":\"WebPage\",\"@id\":\"https:\/\/www.expomunicipal.es\/gl\/las-administraciones-y-tecnicos-locales-podran-ver-en-las-demostraciones-de-expomunicipal-2024-las-utilidades-de-novedosos-productos-y-servicios\/\",\"url\":\"https:\/\/www.expomunicipal.es\/gl\/las-administraciones-y-tecnicos-locales-podran-ver-en-las-demostraciones-de-expomunicipal-2024-las-utilidades-de-novedosos-productos-y-servicios\/\",\"name\":\"As administraci\u00f3ns e t\u00e9cnicos locais poder\u00e1n ver nas demostraci\u00f3ns de ExpoMunicipal 2024 as utilidades de novidosos produtos e servizos - EXPOMUNICIPAL\",\"isPartOf\":{\"@id\":\"https:\/\/www.expomunicipal.es\/gl\/#website\"},\"datePublished\":\"2024-04-07T13:26:44+00:00\",\"dateModified\":\"2024-04-07T13:29:16+00:00\",\"breadcrumb\":{\"@id\":\"https:\/\/www.expomunicipal.es\/gl\/las-administraciones-y-tecnicos-locales-podran-ver-en-las-demostraciones-de-expomunicipal-2024-las-utilidades-de-novedosos-productos-y-servicios\/#breadcrumb\"},\"inLanguage\":\"gl-ES\",\"potentialAction\":[{\"@type\":\"ReadAction\",\"target\":[\"https:\/\/www.expomunicipal.es\/gl\/las-administraciones-y-tecnicos-locales-podran-ver-en-las-demostraciones-de-expomunicipal-2024-las-utilidades-de-novedosos-productos-y-servicios\/\"]}]},{\"@type\":\"BreadcrumbList\",\"@id\":\"https:\/\/www.expomunicipal.es\/gl\/las-administraciones-y-tecnicos-locales-podran-ver-en-las-demostraciones-de-expomunicipal-2024-las-utilidades-de-novedosos-productos-y-servicios\/#breadcrumb\",\"itemListElement\":[{\"@type\":\"ListItem\",\"position\":1,\"name\":\"Portada\",\"item\":\"https:\/\/www.expomunicipal.es\/gl\/\"},{\"@type\":\"ListItem\",\"position\":2,\"name\":\"As administraci\u00f3ns e t\u00e9cnicos locais poder\u00e1n ver nas demostraci\u00f3ns de ExpoMunicipal 2024 as utilidades de novidosos produtos e servizos\"}]},{\"@type\":\"WebSite\",\"@id\":\"https:\/\/www.expomunicipal.es\/gl\/#website\",\"url\":\"https:\/\/www.expomunicipal.es\/gl\/\",\"name\":\"EXPOMUNICIPAL\",\"description\":\"Feria de Servicios Municipales\",\"publisher\":{\"@id\":\"https:\/\/www.expomunicipal.es\/gl\/#organization\"},\"potentialAction\":[{\"@type\":\"SearchAction\",\"target\":{\"@type\":\"EntryPoint\",\"urlTemplate\":\"https:\/\/www.expomunicipal.es\/gl\/?s={search_term_string}\"},\"query-input\":\"required name=search_term_string\"}],\"inLanguage\":\"gl-ES\"},{\"@type\":\"Organization\",\"@id\":\"https:\/\/www.expomunicipal.es\/gl\/#organization\",\"name\":\"SEDEXPO\",\"url\":\"https:\/\/www.expomunicipal.es\/gl\/\",\"logo\":{\"@type\":\"ImageObject\",\"inLanguage\":\"gl-ES\",\"@id\":\"https:\/\/www.expomunicipal.es\/gl\/#\/schema\/logo\/image\/\",\"url\":\"https:\/\/www.expobusiberia.comwp-content\/uploads\/2022\/02\/sedexpo-logo.png\",\"contentUrl\":\"https:\/\/www.expobusiberia.comwp-content\/uploads\/2022\/02\/sedexpo-logo.png\",\"width\":556,\"height\":556,\"caption\":\"SEDEXPO\"},\"image\":{\"@id\":\"https:\/\/www.expomunicipal.es\/gl\/#\/schema\/logo\/image\/\"},\"sameAs\":[\"https:\/\/www.facebook.com\/feriaSEDEXPO\",\"https:\/\/twitter.com\/feriasedexpo\",\"https:\/\/es.linkedin.com\/company\/sedexpo\"]},{\"@type\":\"Person\",\"@id\":\"https:\/\/www.expomunicipal.es\/gl\/#\/schema\/person\/1fc7315d6712a25472b2c1ce06566872\",\"name\":\"admin@SedExpo\",\"image\":{\"@type\":\"ImageObject\",\"inLanguage\":\"gl-ES\",\"@id\":\"https:\/\/www.expomunicipal.es\/gl\/#\/schema\/person\/image\/\",\"url\":\"https:\/\/secure.gravatar.com\/avatar\/2aee3a429c5c84b2486f82e4bb736b27e478d3632de0946f5aba7087273fe2cb?s=96&d=mm&r=g\",\"contentUrl\":\"https:\/\/secure.gravatar.com\/avatar\/2aee3a429c5c84b2486f82e4bb736b27e478d3632de0946f5aba7087273fe2cb?s=96&d=mm&r=g\",\"caption\":\"admin@SedExpo\"},\"sameAs\":[\"https:\/\/sedexpo.com\"],\"url\":\"https:\/\/www.expomunicipal.es\/gl\/author\/adminsedexpo\/\"}]}<\/script>\n<!-- \/ Yoast SEO plugin. -->","yoast_head_json":{"title":"As administraci\u00f3ns e t\u00e9cnicos locais poder\u00e1n ver nas demostraci\u00f3ns de ExpoMunicipal 2024 as utilidades de novidosos produtos e servizos - EXPOMUNICIPAL","robots":{"index":"index","follow":"follow","max-snippet":"max-snippet:-1","max-image-preview":"max-image-preview:large","max-video-preview":"max-video-preview:-1"},"canonical":"https:\/\/www.expomunicipal.es\/gl\/las-administraciones-y-tecnicos-locales-podran-ver-en-las-demostraciones-de-expomunicipal-2024-las-utilidades-de-novedosos-productos-y-servicios\/","og_locale":"gl_ES","og_type":"article","og_title":"As administraci\u00f3ns e t\u00e9cnicos locais poder\u00e1n ver nas demostraci\u00f3ns de ExpoMunicipal 2024 as utilidades de novidosos produtos e servizos - EXPOMUNICIPAL","og_description":"ESTA FEIRA DE SERVIZOS MUNICIPAIS CELEBRAR\u00c1 A S\u00daA PRIMEIRA EDICI\u00d3N DO 11 AO 13 DE ABRIL NA FEIRA INTERNACIONAL DE GALICIA ABANCA (SILLEDA, PONTEVEDRA) SER\u00c1 UN ATRACTIVO ESCAPARATE DE PROPOSTA QUE DAR\u00c1N RESPOSTA \u00c1S NECESIDADES E RETOS DOS MUNICIPIOS ANTE O ACTUAL ESCENARIO SOCIAL Silleda, 6 de abril de 2024.- A Feira Internacional de Galicia ... Ler m\u00e1is","og_url":"https:\/\/www.expomunicipal.es\/gl\/las-administraciones-y-tecnicos-locales-podran-ver-en-las-demostraciones-de-expomunicipal-2024-las-utilidades-de-novedosos-productos-y-servicios\/","og_site_name":"EXPOMUNICIPAL","article_publisher":"https:\/\/www.facebook.com\/feriaSEDEXPO","article_published_time":"2024-04-07T13:26:44+00:00","article_modified_time":"2024-04-07T13:29:16+00:00","og_image":[{"width":1500,"height":847,"url":"https:\/\/www.expomunicipal.es\/wp-content\/uploads\/2024\/04\/Demostracion-nun-certame-da-Feira-Internacional-de-Galicia-ABANCA.jpg","type":"image\/jpeg"}],"author":"admin@SedExpo","twitter_card":"summary_large_image","twitter_creator":"@feriasedexpo","twitter_site":"@feriasedexpo","twitter_misc":{"Escrito por":"admin@SedExpo","Tempo de lectura":"2 minutos"},"schema":{"@context":"https:\/\/schema.org","@graph":[{"@type":"Article","@id":"https:\/\/www.expomunicipal.es\/gl\/las-administraciones-y-tecnicos-locales-podran-ver-en-las-demostraciones-de-expomunicipal-2024-las-utilidades-de-novedosos-productos-y-servicios\/#article","isPartOf":{"@id":"https:\/\/www.expomunicipal.es\/gl\/las-administraciones-y-tecnicos-locales-podran-ver-en-las-demostraciones-de-expomunicipal-2024-las-utilidades-de-novedosos-productos-y-servicios\/"},"author":{"name":"admin@SedExpo","@id":"https:\/\/www.expomunicipal.es\/gl\/#\/schema\/person\/1fc7315d6712a25472b2c1ce06566872"},"headline":"As administraci\u00f3ns e t\u00e9cnicos locais poder\u00e1n ver nas demostraci\u00f3ns de ExpoMunicipal 2024 as utilidades de novidosos produtos e servizos","datePublished":"2024-04-07T13:26:44+00:00","dateModified":"2024-04-07T13:29:16+00:00","mainEntityOfPage":{"@id":"https:\/\/www.expomunicipal.es\/gl\/las-administraciones-y-tecnicos-locales-podran-ver-en-las-demostraciones-de-expomunicipal-2024-las-utilidades-de-novedosos-productos-y-servicios\/"},"wordCount":413,"publisher":{"@id":"https:\/\/www.expomunicipal.es\/gl\/#organization"},"articleSection":["Uncategorized @gl"],"inLanguage":"gl-ES"},{"@type":"WebPage","@id":"https:\/\/www.expomunicipal.es\/gl\/las-administraciones-y-tecnicos-locales-podran-ver-en-las-demostraciones-de-expomunicipal-2024-las-utilidades-de-novedosos-productos-y-servicios\/","url":"https:\/\/www.expomunicipal.es\/gl\/las-administraciones-y-tecnicos-locales-podran-ver-en-las-demostraciones-de-expomunicipal-2024-las-utilidades-de-novedosos-productos-y-servicios\/","name":"As administraci\u00f3ns e t\u00e9cnicos locais poder\u00e1n ver nas demostraci\u00f3ns de ExpoMunicipal 2024 as utilidades de novidosos produtos e servizos - EXPOMUNICIPAL","isPartOf":{"@id":"https:\/\/www.expomunicipal.es\/gl\/#website"},"datePublished":"2024-04-07T13:26:44+00:00","dateModified":"2024-04-07T13:29:16+00:00","breadcrumb":{"@id":"https:\/\/www.expomunicipal.es\/gl\/las-administraciones-y-tecnicos-locales-podran-ver-en-las-demostraciones-de-expomunicipal-2024-las-utilidades-de-novedosos-productos-y-servicios\/#breadcrumb"},"inLanguage":"gl-ES","potentialAction":[{"@type":"ReadAction","target":["https:\/\/www.expomunicipal.es\/gl\/las-administraciones-y-tecnicos-locales-podran-ver-en-las-demostraciones-de-expomunicipal-2024-las-utilidades-de-novedosos-productos-y-servicios\/"]}]},{"@type":"BreadcrumbList","@id":"https:\/\/www.expomunicipal.es\/gl\/las-administraciones-y-tecnicos-locales-podran-ver-en-las-demostraciones-de-expomunicipal-2024-las-utilidades-de-novedosos-productos-y-servicios\/#breadcrumb","itemListElement":[{"@type":"ListItem","position":1,"name":"Portada","item":"https:\/\/www.expomunicipal.es\/gl\/"},{"@type":"ListItem","position":2,"name":"As administraci\u00f3ns e t\u00e9cnicos locais poder\u00e1n ver nas demostraci\u00f3ns de ExpoMunicipal 2024 as utilidades de novidosos produtos e servizos"}]},{"@type":"WebSite","@id":"https:\/\/www.expomunicipal.es\/gl\/#website","url":"https:\/\/www.expomunicipal.es\/gl\/","name":"EXPOMUNICIPAL","description":"Feria de Servicios Municipales","publisher":{"@id":"https:\/\/www.expomunicipal.es\/gl\/#organization"},"potentialAction":[{"@type":"SearchAction","target":{"@type":"EntryPoint","urlTemplate":"https:\/\/www.expomunicipal.es\/gl\/?s={search_term_string}"},"query-input":"required name=search_term_string"}],"inLanguage":"gl-ES"},{"@type":"Organization","@id":"https:\/\/www.expomunicipal.es\/gl\/#organization","name":"SEDEXPO","url":"https:\/\/www.expomunicipal.es\/gl\/","logo":{"@type":"ImageObject","inLanguage":"gl-ES","@id":"https:\/\/www.expomunicipal.es\/gl\/#\/schema\/logo\/image\/","url":"https:\/\/www.expobusiberia.comwp-content\/uploads\/2022\/02\/sedexpo-logo.png","contentUrl":"https:\/\/www.expobusiberia.comwp-content\/uploads\/2022\/02\/sedexpo-logo.png","width":556,"height":556,"caption":"SEDEXPO"},"image":{"@id":"https:\/\/www.expomunicipal.es\/gl\/#\/schema\/logo\/image\/"},"sameAs":["https:\/\/www.facebook.com\/feriaSEDEXPO","https:\/\/twitter.com\/feriasedexpo","https:\/\/es.linkedin.com\/company\/sedexpo"]},{"@type":"Person","@id":"https:\/\/www.expomunicipal.es\/gl\/#\/schema\/person\/1fc7315d6712a25472b2c1ce06566872","name":"admin@SedExpo","image":{"@type":"ImageObject","inLanguage":"gl-ES","@id":"https:\/\/www.expomunicipal.es\/gl\/#\/schema\/person\/image\/","url":"https:\/\/secure.gravatar.com\/avatar\/2aee3a429c5c84b2486f82e4bb736b27e478d3632de0946f5aba7087273fe2cb?s=96&d=mm&r=g","contentUrl":"https:\/\/secure.gravatar.com\/avatar\/2aee3a429c5c84b2486f82e4bb736b27e478d3632de0946f5aba7087273fe2cb?s=96&d=mm&r=g","caption":"admin@SedExpo"},"sameAs":["https:\/\/sedexpo.com"],"url":"https:\/\/www.expomunicipal.es\/gl\/author\/adminsedexpo\/"}]}},"_links":{"self":[{"href":"https:\/\/www.expomunicipal.es\/gl\/wp-json\/wp\/v2\/posts\/3865","targetHints":{"allow":["GET"]}}],"collection":[{"href":"https:\/\/www.expomunicipal.es\/gl\/wp-json\/wp\/v2\/posts"}],"about":[{"href":"https:\/\/www.expomunicipal.es\/gl\/wp-json\/wp\/v2\/types\/post"}],"author":[{"embeddable":true,"href":"https:\/\/www.expomunicipal.es\/gl\/wp-json\/wp\/v2\/users\/1"}],"replies":[{"embeddable":true,"href":"https:\/\/www.expomunicipal.es\/gl\/wp-json\/wp\/v2\/comments?post=3865"}],"version-history":[{"count":1,"href":"https:\/\/www.expomunicipal.es\/gl\/wp-json\/wp\/v2\/posts\/3865\/revisions"}],"predecessor-version":[{"id":3866,"href":"https:\/\/www.expomunicipal.es\/gl\/wp-json\/wp\/v2\/posts\/3865\/revisions\/3866"}],"wp:featuredmedia":[{"embeddable":true,"href":"https:\/\/www.expomunicipal.es\/gl\/wp-json\/wp\/v2\/media\/3863"}],"wp:attachment":[{"href":"https:\/\/www.expomunicipal.es\/gl\/wp-json\/wp\/v2\/media?parent=3865"}],"wp:term":[{"taxonomy":"category","embeddable":true,"href":"https:\/\/www.expomunicipal.es\/gl\/wp-json\/wp\/v2\/categories?post=3865"},{"taxonomy":"post_tag","embeddable":true,"href":"https:\/\/www.expomunicipal.es\/gl\/wp-json\/wp\/v2\/tags?post=3865"}],"curies":[{"name":"wp","href":"https:\/\/api.w.org\/{rel}","templated":true}]}}