{"id":3809,"date":"2024-03-21T09:57:52","date_gmt":"2024-03-21T09:57:52","guid":{"rendered":"https:\/\/www.expomunicipal.es\/expomunicipal-2024-ultima-exposicion-y-programa-para-dar-respuesta-a-los-retos-de-la-administracion-local-del-11-al-13-de-abril\/"},"modified":"2024-03-21T09:59:39","modified_gmt":"2024-03-21T09:59:39","slug":"expomunicipal-2024-ultima-exposicion-y-programa-para-dar-respuesta-a-los-retos-de-la-administracion-local-del-11-al-13-de-abril","status":"publish","type":"post","link":"https:\/\/www.expomunicipal.es\/gl\/expomunicipal-2024-ultima-exposicion-y-programa-para-dar-respuesta-a-los-retos-de-la-administracion-local-del-11-al-13-de-abril\/","title":{"rendered":"ExpoMunicipal 2024 ultima exposici\u00f3n e programa para dar resposta aos retos da Administraci\u00f3n Local do 11 ao 13 de abril"},"content":{"rendered":"<ul>\n<li><strong>SER\u00c1 UN ATRACTIVO ESCAPARATE QUE MOSTRAR\u00c1 O \u00daLTIMO EN EQUIPAMENTO E SERVIZOS MUNICIPAIS NO RECINTO FEIRA INTERNACIONAL DE GALICIA ABANCA (SILLEDA, PONTEVEDRA)<\/strong><\/li>\n<\/ul>\n<ul>\n<li><strong>CONFORMAR\u00c1 ADEMAIS UN FORO DE REFLEXI\u00d3N E DEBATE SOBRE TEMAS DE M\u00c1XIMA ACTUALIDADE NO QUE EST\u00c1 PROGRAMADO O INTERESANTE CONGRESO CONCELLOS 2030, ENCONTROS E PRESENTACI\u00d3NS<\/strong><\/li>\n<\/ul>\n<p><strong><em>Silleda, 21 de marzo de 2024.- <\/em><\/strong>A Feira Internacional de Galicia ABANCA (Silleda, Pontevedar) ultima xa a primeira edici\u00f3n da Feira de Servizos Municipais, ExpoMunicipal 2024, que ter\u00e1 lugar do 11 ao 13 de abril e en cuxa organizaci\u00f3n conta co apoio da Vicepresidencia Primeira da Xunta de Galicia a trav\u00e9s da Direcci\u00f3n Xeral de Administraci\u00f3n Local.<\/p>\n<p>ExpoMunicipal dar\u00e1 resposta \u00e1s necesidades e retos dos municipios e entidades territoriais ante o actual escenario social, o cal esixe cidades m\u00e1is sostibles, eficientes, accesibles, seguras e verdes.<\/p>\n<p>Para iso a s\u00faa \u00e1rea expositiva mostrar\u00e1 o \u00faltimo en equipamento e servizos municipais de man de empresas l\u00edderes no sector que confirmaron a s\u00faa asistencia, as cales se centran en mobiliario urbano, limpeza, ciclo da auga, xesti\u00f3n e tratamento de residuos, medio ambiente, enerx\u00edas alternativas, obra p\u00fablica, sinalizaci\u00f3n, xardiner\u00eda e paisaxismo, mobilidade urbana, instalaci\u00f3ns deportivas e de lecer, iluminaci\u00f3n, xesti\u00f3n cultural e organizaci\u00f3n de eventos, tecnolox\u00eda para monitorizaci\u00f3n de estradas, xesti\u00f3n documental e catastral, concesionarias, alugueiro e venda de maquinaria para servizos municipais, subministraci\u00f3ns, consultor\u00edas ou centros especiais de emprego.<\/p>\n<p>Alcaldes e corporaci\u00f3ns municipais, construtores e promotoras, empresas de servizos e tecnol\u00f3xicas, t\u00e9cnicos municipais, aparelladores e arquitectos, enxe\u00f1eiros ou consultores, entre outros, poder\u00e1n co\u00f1ecer todas as posibilidades e soluci\u00f3ns dispo\u00f1ibles para planificar os seus investimentos ou desenvolver os seus proxectos.<\/p>\n<p>ExpoMunicipal 2024 ser\u00e1 demais un foro de reflexi\u00f3n e debate sobre temas de m\u00e1xima actualidade no \u00e1mbito da xesti\u00f3n municipal, a trav\u00e9s do interesante congreso \u201cConcellos 2030\u201d, o cal est\u00e1 a pechar o seu programa, e tam\u00e9n de diversas presentaci\u00f3ns.<\/p>\n<p>Por outra banda, ExpoMunicipal 2024 celebrarase de forma paralela \u00e1 cuarta edici\u00f3n de Enerx\u00e9tika, feira da enerx\u00eda que xa \u00e9 amplamente reco\u00f1ecida no sector. Unha traxectoria e interrelaci\u00f3n con ExpoMunicipal respecto a diversos \u00e1mbitos expositivos que supo\u00f1er\u00e1 un interesante valor engadido para ambas as citas pola creaci\u00f3n de interesantes sinerx\u00edas.<\/p>\n<p><strong>Inscrici\u00f3n para visitantes profesionais<\/strong><\/p>\n<p>A feira conta na s\u00faa p\u00e1xina web, www.expomunicipal.es, cun apartado destinado ao rexistro de visitantes profesionais que queiran visitar a feira durante alg\u00fan dos seus d\u00edas de celebraci\u00f3n. As\u00ed, poder\u00e1n inscribirse en li\u00f1a para acceder de forma gratu\u00edta ao certame sen esperas.<\/p>\n","protected":false},"excerpt":{"rendered":"<p>SER\u00c1 UN ATRACTIVO ESCAPARATE QUE MOSTRAR\u00c1 O \u00daLTIMO EN EQUIPAMENTO E SERVIZOS MUNICIPAIS NO RECINTO FEIRA INTERNACIONAL DE GALICIA ABANCA (SILLEDA, PONTEVEDRA) CONFORMAR\u00c1 ADEMAIS UN FORO DE REFLEXI\u00d3N E DEBATE SOBRE TEMAS DE M\u00c1XIMA ACTUALIDADE NO QUE EST\u00c1 PROGRAMADO O INTERESANTE CONGRESO CONCELLOS 2030, ENCONTROS E PRESENTACI\u00d3NS Silleda, 21 de marzo de 2024.- A Feira &#8230; <a title=\"ExpoMunicipal 2024 ultima exposici\u00f3n e programa para dar resposta aos retos da Administraci\u00f3n Local do 11 ao 13 de abril\" class=\"read-more\" href=\"https:\/\/www.expomunicipal.es\/gl\/expomunicipal-2024-ultima-exposicion-y-programa-para-dar-respuesta-a-los-retos-de-la-administracion-local-del-11-al-13-de-abril\/\" aria-label=\"M\u00e1is en ExpoMunicipal 2024 ultima exposici\u00f3n e programa para dar resposta aos retos da Administraci\u00f3n Local do 11 ao 13 de abril\">Ler m\u00e1is<\/a><\/p>\n","protected":false},"author":1,"featured_media":3551,"comment_status":"closed","ping_status":"closed","sticky":false,"template":"","format":"standard","meta":{"footnotes":""},"categories":[18],"tags":[],"class_list":["post-3809","post","type-post","status-publish","format-standard","has-post-thumbnail","hentry","category-uncategorized-gl"],"acf":[],"yoast_head":"<!-- This site is optimized with the Yoast SEO plugin v20.4 - https:\/\/yoast.com\/wordpress\/plugins\/seo\/ -->\n<title>ExpoMunicipal 2024 ultima exposici\u00f3n e programa para dar resposta aos retos da Administraci\u00f3n Local do 11 ao 13 de abril - EXPOMUNICIPAL<\/title>\n<meta name=\"robots\" content=\"index, follow, max-snippet:-1, max-image-preview:large, max-video-preview:-1\" \/>\n<link rel=\"canonical\" href=\"https:\/\/www.expomunicipal.es\/gl\/expomunicipal-2024-ultima-exposicion-y-programa-para-dar-respuesta-a-los-retos-de-la-administracion-local-del-11-al-13-de-abril\/\" \/>\n<meta property=\"og:locale\" content=\"gl_ES\" \/>\n<meta property=\"og:type\" content=\"article\" \/>\n<meta property=\"og:title\" content=\"ExpoMunicipal 2024 ultima exposici\u00f3n e programa para dar resposta aos retos da Administraci\u00f3n Local do 11 ao 13 de abril - EXPOMUNICIPAL\" \/>\n<meta property=\"og:description\" content=\"SER\u00c1 UN ATRACTIVO ESCAPARATE QUE MOSTRAR\u00c1 O \u00daLTIMO EN EQUIPAMENTO E SERVIZOS MUNICIPAIS NO RECINTO FEIRA INTERNACIONAL DE GALICIA ABANCA (SILLEDA, PONTEVEDRA) CONFORMAR\u00c1 ADEMAIS UN FORO DE REFLEXI\u00d3N E DEBATE SOBRE TEMAS DE M\u00c1XIMA ACTUALIDADE NO QUE EST\u00c1 PROGRAMADO O INTERESANTE CONGRESO CONCELLOS 2030, ENCONTROS E PRESENTACI\u00d3NS Silleda, 21 de marzo de 2024.- A Feira ... Ler m\u00e1is\" \/>\n<meta property=\"og:url\" content=\"https:\/\/www.expomunicipal.es\/gl\/expomunicipal-2024-ultima-exposicion-y-programa-para-dar-respuesta-a-los-retos-de-la-administracion-local-del-11-al-13-de-abril\/\" \/>\n<meta property=\"og:site_name\" content=\"EXPOMUNICIPAL\" \/>\n<meta property=\"article:publisher\" content=\"https:\/\/www.facebook.com\/feriaSEDEXPO\" \/>\n<meta property=\"article:published_time\" content=\"2024-03-21T09:57:52+00:00\" \/>\n<meta property=\"article:modified_time\" content=\"2024-03-21T09:59:39+00:00\" \/>\n<meta property=\"og:image\" content=\"https:\/\/www.expomunicipal.es\/wp-content\/uploads\/2024\/01\/558-2018-feira-enerxia-galicia-1-scaled-1.jpg\" \/>\n\t<meta property=\"og:image:width\" content=\"2560\" \/>\n\t<meta property=\"og:image:height\" content=\"1706\" \/>\n\t<meta property=\"og:image:type\" content=\"image\/jpeg\" \/>\n<meta name=\"author\" content=\"admin@SedExpo\" \/>\n<meta name=\"twitter:card\" content=\"summary_large_image\" \/>\n<meta name=\"twitter:creator\" content=\"@feriasedexpo\" \/>\n<meta name=\"twitter:site\" content=\"@feriasedexpo\" \/>\n<meta name=\"twitter:label1\" content=\"Escrito por\" \/>\n\t<meta name=\"twitter:data1\" content=\"admin@SedExpo\" \/>\n\t<meta name=\"twitter:label2\" content=\"Tempo de lectura\" \/>\n\t<meta name=\"twitter:data2\" content=\"2 minutos\" \/>\n<script type=\"application\/ld+json\" class=\"yoast-schema-graph\">{\"@context\":\"https:\/\/schema.org\",\"@graph\":[{\"@type\":\"Article\",\"@id\":\"https:\/\/www.expomunicipal.es\/gl\/expomunicipal-2024-ultima-exposicion-y-programa-para-dar-respuesta-a-los-retos-de-la-administracion-local-del-11-al-13-de-abril\/#article\",\"isPartOf\":{\"@id\":\"https:\/\/www.expomunicipal.es\/gl\/expomunicipal-2024-ultima-exposicion-y-programa-para-dar-respuesta-a-los-retos-de-la-administracion-local-del-11-al-13-de-abril\/\"},\"author\":{\"name\":\"admin@SedExpo\",\"@id\":\"https:\/\/www.expomunicipal.es\/gl\/#\/schema\/person\/1fc7315d6712a25472b2c1ce06566872\"},\"headline\":\"ExpoMunicipal 2024 ultima exposici\u00f3n e programa para dar resposta aos retos da Administraci\u00f3n Local do 11 ao 13 de abril\",\"datePublished\":\"2024-03-21T09:57:52+00:00\",\"dateModified\":\"2024-03-21T09:59:39+00:00\",\"mainEntityOfPage\":{\"@id\":\"https:\/\/www.expomunicipal.es\/gl\/expomunicipal-2024-ultima-exposicion-y-programa-para-dar-respuesta-a-los-retos-de-la-administracion-local-del-11-al-13-de-abril\/\"},\"wordCount\":467,\"publisher\":{\"@id\":\"https:\/\/www.expomunicipal.es\/gl\/#organization\"},\"articleSection\":[\"Uncategorized @gl\"],\"inLanguage\":\"gl-ES\"},{\"@type\":\"WebPage\",\"@id\":\"https:\/\/www.expomunicipal.es\/gl\/expomunicipal-2024-ultima-exposicion-y-programa-para-dar-respuesta-a-los-retos-de-la-administracion-local-del-11-al-13-de-abril\/\",\"url\":\"https:\/\/www.expomunicipal.es\/gl\/expomunicipal-2024-ultima-exposicion-y-programa-para-dar-respuesta-a-los-retos-de-la-administracion-local-del-11-al-13-de-abril\/\",\"name\":\"ExpoMunicipal 2024 ultima exposici\u00f3n e programa para dar resposta aos retos da Administraci\u00f3n Local do 11 ao 13 de abril - EXPOMUNICIPAL\",\"isPartOf\":{\"@id\":\"https:\/\/www.expomunicipal.es\/gl\/#website\"},\"datePublished\":\"2024-03-21T09:57:52+00:00\",\"dateModified\":\"2024-03-21T09:59:39+00:00\",\"breadcrumb\":{\"@id\":\"https:\/\/www.expomunicipal.es\/gl\/expomunicipal-2024-ultima-exposicion-y-programa-para-dar-respuesta-a-los-retos-de-la-administracion-local-del-11-al-13-de-abril\/#breadcrumb\"},\"inLanguage\":\"gl-ES\",\"potentialAction\":[{\"@type\":\"ReadAction\",\"target\":[\"https:\/\/www.expomunicipal.es\/gl\/expomunicipal-2024-ultima-exposicion-y-programa-para-dar-respuesta-a-los-retos-de-la-administracion-local-del-11-al-13-de-abril\/\"]}]},{\"@type\":\"BreadcrumbList\",\"@id\":\"https:\/\/www.expomunicipal.es\/gl\/expomunicipal-2024-ultima-exposicion-y-programa-para-dar-respuesta-a-los-retos-de-la-administracion-local-del-11-al-13-de-abril\/#breadcrumb\",\"itemListElement\":[{\"@type\":\"ListItem\",\"position\":1,\"name\":\"Portada\",\"item\":\"https:\/\/www.expomunicipal.es\/gl\/\"},{\"@type\":\"ListItem\",\"position\":2,\"name\":\"ExpoMunicipal 2024 ultima exposici\u00f3n e programa para dar resposta aos retos da Administraci\u00f3n Local do 11 ao 13 de abril\"}]},{\"@type\":\"WebSite\",\"@id\":\"https:\/\/www.expomunicipal.es\/gl\/#website\",\"url\":\"https:\/\/www.expomunicipal.es\/gl\/\",\"name\":\"EXPOMUNICIPAL\",\"description\":\"Feria de Servicios Municipales\",\"publisher\":{\"@id\":\"https:\/\/www.expomunicipal.es\/gl\/#organization\"},\"potentialAction\":[{\"@type\":\"SearchAction\",\"target\":{\"@type\":\"EntryPoint\",\"urlTemplate\":\"https:\/\/www.expomunicipal.es\/gl\/?s={search_term_string}\"},\"query-input\":\"required name=search_term_string\"}],\"inLanguage\":\"gl-ES\"},{\"@type\":\"Organization\",\"@id\":\"https:\/\/www.expomunicipal.es\/gl\/#organization\",\"name\":\"SEDEXPO\",\"url\":\"https:\/\/www.expomunicipal.es\/gl\/\",\"logo\":{\"@type\":\"ImageObject\",\"inLanguage\":\"gl-ES\",\"@id\":\"https:\/\/www.expomunicipal.es\/gl\/#\/schema\/logo\/image\/\",\"url\":\"https:\/\/www.expobusiberia.comwp-content\/uploads\/2022\/02\/sedexpo-logo.png\",\"contentUrl\":\"https:\/\/www.expobusiberia.comwp-content\/uploads\/2022\/02\/sedexpo-logo.png\",\"width\":556,\"height\":556,\"caption\":\"SEDEXPO\"},\"image\":{\"@id\":\"https:\/\/www.expomunicipal.es\/gl\/#\/schema\/logo\/image\/\"},\"sameAs\":[\"https:\/\/www.facebook.com\/feriaSEDEXPO\",\"https:\/\/twitter.com\/feriasedexpo\",\"https:\/\/es.linkedin.com\/company\/sedexpo\"]},{\"@type\":\"Person\",\"@id\":\"https:\/\/www.expomunicipal.es\/gl\/#\/schema\/person\/1fc7315d6712a25472b2c1ce06566872\",\"name\":\"admin@SedExpo\",\"image\":{\"@type\":\"ImageObject\",\"inLanguage\":\"gl-ES\",\"@id\":\"https:\/\/www.expomunicipal.es\/gl\/#\/schema\/person\/image\/\",\"url\":\"https:\/\/secure.gravatar.com\/avatar\/2aee3a429c5c84b2486f82e4bb736b27e478d3632de0946f5aba7087273fe2cb?s=96&d=mm&r=g\",\"contentUrl\":\"https:\/\/secure.gravatar.com\/avatar\/2aee3a429c5c84b2486f82e4bb736b27e478d3632de0946f5aba7087273fe2cb?s=96&d=mm&r=g\",\"caption\":\"admin@SedExpo\"},\"sameAs\":[\"https:\/\/sedexpo.com\"],\"url\":\"https:\/\/www.expomunicipal.es\/gl\/author\/adminsedexpo\/\"}]}<\/script>\n<!-- \/ Yoast SEO plugin. -->","yoast_head_json":{"title":"ExpoMunicipal 2024 ultima exposici\u00f3n e programa para dar resposta aos retos da Administraci\u00f3n Local do 11 ao 13 de abril - EXPOMUNICIPAL","robots":{"index":"index","follow":"follow","max-snippet":"max-snippet:-1","max-image-preview":"max-image-preview:large","max-video-preview":"max-video-preview:-1"},"canonical":"https:\/\/www.expomunicipal.es\/gl\/expomunicipal-2024-ultima-exposicion-y-programa-para-dar-respuesta-a-los-retos-de-la-administracion-local-del-11-al-13-de-abril\/","og_locale":"gl_ES","og_type":"article","og_title":"ExpoMunicipal 2024 ultima exposici\u00f3n e programa para dar resposta aos retos da Administraci\u00f3n Local do 11 ao 13 de abril - EXPOMUNICIPAL","og_description":"SER\u00c1 UN ATRACTIVO ESCAPARATE QUE MOSTRAR\u00c1 O \u00daLTIMO EN EQUIPAMENTO E SERVIZOS MUNICIPAIS NO RECINTO FEIRA INTERNACIONAL DE GALICIA ABANCA (SILLEDA, PONTEVEDRA) CONFORMAR\u00c1 ADEMAIS UN FORO DE REFLEXI\u00d3N E DEBATE SOBRE TEMAS DE M\u00c1XIMA ACTUALIDADE NO QUE EST\u00c1 PROGRAMADO O INTERESANTE CONGRESO CONCELLOS 2030, ENCONTROS E PRESENTACI\u00d3NS Silleda, 21 de marzo de 2024.- A Feira ... Ler m\u00e1is","og_url":"https:\/\/www.expomunicipal.es\/gl\/expomunicipal-2024-ultima-exposicion-y-programa-para-dar-respuesta-a-los-retos-de-la-administracion-local-del-11-al-13-de-abril\/","og_site_name":"EXPOMUNICIPAL","article_publisher":"https:\/\/www.facebook.com\/feriaSEDEXPO","article_published_time":"2024-03-21T09:57:52+00:00","article_modified_time":"2024-03-21T09:59:39+00:00","og_image":[{"width":2560,"height":1706,"url":"https:\/\/www.expomunicipal.es\/wp-content\/uploads\/2024\/01\/558-2018-feira-enerxia-galicia-1-scaled-1.jpg","type":"image\/jpeg"}],"author":"admin@SedExpo","twitter_card":"summary_large_image","twitter_creator":"@feriasedexpo","twitter_site":"@feriasedexpo","twitter_misc":{"Escrito por":"admin@SedExpo","Tempo de lectura":"2 minutos"},"schema":{"@context":"https:\/\/schema.org","@graph":[{"@type":"Article","@id":"https:\/\/www.expomunicipal.es\/gl\/expomunicipal-2024-ultima-exposicion-y-programa-para-dar-respuesta-a-los-retos-de-la-administracion-local-del-11-al-13-de-abril\/#article","isPartOf":{"@id":"https:\/\/www.expomunicipal.es\/gl\/expomunicipal-2024-ultima-exposicion-y-programa-para-dar-respuesta-a-los-retos-de-la-administracion-local-del-11-al-13-de-abril\/"},"author":{"name":"admin@SedExpo","@id":"https:\/\/www.expomunicipal.es\/gl\/#\/schema\/person\/1fc7315d6712a25472b2c1ce06566872"},"headline":"ExpoMunicipal 2024 ultima exposici\u00f3n e programa para dar resposta aos retos da Administraci\u00f3n Local do 11 ao 13 de abril","datePublished":"2024-03-21T09:57:52+00:00","dateModified":"2024-03-21T09:59:39+00:00","mainEntityOfPage":{"@id":"https:\/\/www.expomunicipal.es\/gl\/expomunicipal-2024-ultima-exposicion-y-programa-para-dar-respuesta-a-los-retos-de-la-administracion-local-del-11-al-13-de-abril\/"},"wordCount":467,"publisher":{"@id":"https:\/\/www.expomunicipal.es\/gl\/#organization"},"articleSection":["Uncategorized @gl"],"inLanguage":"gl-ES"},{"@type":"WebPage","@id":"https:\/\/www.expomunicipal.es\/gl\/expomunicipal-2024-ultima-exposicion-y-programa-para-dar-respuesta-a-los-retos-de-la-administracion-local-del-11-al-13-de-abril\/","url":"https:\/\/www.expomunicipal.es\/gl\/expomunicipal-2024-ultima-exposicion-y-programa-para-dar-respuesta-a-los-retos-de-la-administracion-local-del-11-al-13-de-abril\/","name":"ExpoMunicipal 2024 ultima exposici\u00f3n e programa para dar resposta aos retos da Administraci\u00f3n Local do 11 ao 13 de abril - EXPOMUNICIPAL","isPartOf":{"@id":"https:\/\/www.expomunicipal.es\/gl\/#website"},"datePublished":"2024-03-21T09:57:52+00:00","dateModified":"2024-03-21T09:59:39+00:00","breadcrumb":{"@id":"https:\/\/www.expomunicipal.es\/gl\/expomunicipal-2024-ultima-exposicion-y-programa-para-dar-respuesta-a-los-retos-de-la-administracion-local-del-11-al-13-de-abril\/#breadcrumb"},"inLanguage":"gl-ES","potentialAction":[{"@type":"ReadAction","target":["https:\/\/www.expomunicipal.es\/gl\/expomunicipal-2024-ultima-exposicion-y-programa-para-dar-respuesta-a-los-retos-de-la-administracion-local-del-11-al-13-de-abril\/"]}]},{"@type":"BreadcrumbList","@id":"https:\/\/www.expomunicipal.es\/gl\/expomunicipal-2024-ultima-exposicion-y-programa-para-dar-respuesta-a-los-retos-de-la-administracion-local-del-11-al-13-de-abril\/#breadcrumb","itemListElement":[{"@type":"ListItem","position":1,"name":"Portada","item":"https:\/\/www.expomunicipal.es\/gl\/"},{"@type":"ListItem","position":2,"name":"ExpoMunicipal 2024 ultima exposici\u00f3n e programa para dar resposta aos retos da Administraci\u00f3n Local do 11 ao 13 de abril"}]},{"@type":"WebSite","@id":"https:\/\/www.expomunicipal.es\/gl\/#website","url":"https:\/\/www.expomunicipal.es\/gl\/","name":"EXPOMUNICIPAL","description":"Feria de Servicios Municipales","publisher":{"@id":"https:\/\/www.expomunicipal.es\/gl\/#organization"},"potentialAction":[{"@type":"SearchAction","target":{"@type":"EntryPoint","urlTemplate":"https:\/\/www.expomunicipal.es\/gl\/?s={search_term_string}"},"query-input":"required name=search_term_string"}],"inLanguage":"gl-ES"},{"@type":"Organization","@id":"https:\/\/www.expomunicipal.es\/gl\/#organization","name":"SEDEXPO","url":"https:\/\/www.expomunicipal.es\/gl\/","logo":{"@type":"ImageObject","inLanguage":"gl-ES","@id":"https:\/\/www.expomunicipal.es\/gl\/#\/schema\/logo\/image\/","url":"https:\/\/www.expobusiberia.comwp-content\/uploads\/2022\/02\/sedexpo-logo.png","contentUrl":"https:\/\/www.expobusiberia.comwp-content\/uploads\/2022\/02\/sedexpo-logo.png","width":556,"height":556,"caption":"SEDEXPO"},"image":{"@id":"https:\/\/www.expomunicipal.es\/gl\/#\/schema\/logo\/image\/"},"sameAs":["https:\/\/www.facebook.com\/feriaSEDEXPO","https:\/\/twitter.com\/feriasedexpo","https:\/\/es.linkedin.com\/company\/sedexpo"]},{"@type":"Person","@id":"https:\/\/www.expomunicipal.es\/gl\/#\/schema\/person\/1fc7315d6712a25472b2c1ce06566872","name":"admin@SedExpo","image":{"@type":"ImageObject","inLanguage":"gl-ES","@id":"https:\/\/www.expomunicipal.es\/gl\/#\/schema\/person\/image\/","url":"https:\/\/secure.gravatar.com\/avatar\/2aee3a429c5c84b2486f82e4bb736b27e478d3632de0946f5aba7087273fe2cb?s=96&d=mm&r=g","contentUrl":"https:\/\/secure.gravatar.com\/avatar\/2aee3a429c5c84b2486f82e4bb736b27e478d3632de0946f5aba7087273fe2cb?s=96&d=mm&r=g","caption":"admin@SedExpo"},"sameAs":["https:\/\/sedexpo.com"],"url":"https:\/\/www.expomunicipal.es\/gl\/author\/adminsedexpo\/"}]}},"_links":{"self":[{"href":"https:\/\/www.expomunicipal.es\/gl\/wp-json\/wp\/v2\/posts\/3809","targetHints":{"allow":["GET"]}}],"collection":[{"href":"https:\/\/www.expomunicipal.es\/gl\/wp-json\/wp\/v2\/posts"}],"about":[{"href":"https:\/\/www.expomunicipal.es\/gl\/wp-json\/wp\/v2\/types\/post"}],"author":[{"embeddable":true,"href":"https:\/\/www.expomunicipal.es\/gl\/wp-json\/wp\/v2\/users\/1"}],"replies":[{"embeddable":true,"href":"https:\/\/www.expomunicipal.es\/gl\/wp-json\/wp\/v2\/comments?post=3809"}],"version-history":[{"count":1,"href":"https:\/\/www.expomunicipal.es\/gl\/wp-json\/wp\/v2\/posts\/3809\/revisions"}],"predecessor-version":[{"id":3810,"href":"https:\/\/www.expomunicipal.es\/gl\/wp-json\/wp\/v2\/posts\/3809\/revisions\/3810"}],"wp:featuredmedia":[{"embeddable":true,"href":"https:\/\/www.expomunicipal.es\/gl\/wp-json\/wp\/v2\/media\/3551"}],"wp:attachment":[{"href":"https:\/\/www.expomunicipal.es\/gl\/wp-json\/wp\/v2\/media?parent=3809"}],"wp:term":[{"taxonomy":"category","embeddable":true,"href":"https:\/\/www.expomunicipal.es\/gl\/wp-json\/wp\/v2\/categories?post=3809"},{"taxonomy":"post_tag","embeddable":true,"href":"https:\/\/www.expomunicipal.es\/gl\/wp-json\/wp\/v2\/tags?post=3809"}],"curies":[{"name":"wp","href":"https:\/\/api.w.org\/{rel}","templated":true}]}}