{"id":3664,"date":"2024-02-15T12:59:28","date_gmt":"2024-02-15T12:59:28","guid":{"rendered":"https:\/\/www.expomunicipal.es\/las-ferias-expomunicipal-y-enerxetika-se-alian-con-el-cluster-gallego-de-soluciones-ambientales-y-economia-circular\/"},"modified":"2024-02-15T13:03:12","modified_gmt":"2024-02-15T13:03:12","slug":"las-ferias-expomunicipal-y-enerxetika-se-alian-con-el-cluster-gallego-de-soluciones-ambientales-y-economia-circular","status":"publish","type":"post","link":"https:\/\/www.expomunicipal.es\/gl\/las-ferias-expomunicipal-y-enerxetika-se-alian-con-el-cluster-gallego-de-soluciones-ambientales-y-economia-circular\/","title":{"rendered":"As feiras ExpoMunicipal e Enerx\u00e9tika al\u00edanse co Cl\u00faster Galego de Soluci\u00f3ns Ambientais e Econom\u00eda Circular"},"content":{"rendered":"<ul>\n<li><strong>ESTES CERTAMES VE\u00d1EN DE FIRMAR UN ACORDO DE COLABORACI\u00d3N CON VIRATEC DE CARA \u00c1 S\u00daA VINDEIRA EDICI\u00d3N, QUE TER\u00c1 LUGAR DO 11 AO 13 DE ABRIL NA FEIRA INTERNACIONAL DE GALICIA ABANCA<\/strong><\/li>\n<li><strong>A IMPLICACI\u00d3N DESTA AGRUPACI\u00d3N SUP\u00d3N UNHA IMPORTANTE APORTACI\u00d3N A ESTAS CITAS, TANTO POLO SEU GRAN PESO NO SECTOR AMBIENTAL COMO POLA S\u00daA AMPLA EXPERIENCIA E CO\u00d1ECEMENTO<\/strong><\/li>\n<\/ul>\n<p><strong><em>Silleda, 15 de febreiro de 2024.- <\/em><\/strong>A feira de servizos municipais ExpoMunicipal e a de enerx\u00eda Enerx\u00e9tika seguen avanzando nas s\u00faas citas de 2024, as cales se celebrar\u00e1n de forma paralela do 11 ao 13 de abril na Feira Internacional de Galicia ABANCA.<\/p>\n<p>ExpoMunicipal ponse en marcha este ano para ofrecer soluci\u00f3ns aos municipios e entidades territoriais ante o actual escenario social, o cal esixe cidades m\u00e1is sostibles, eficientes, accesibles, seguras e verdes.\u00a0 Pola s\u00faa banda, Enerx\u00e9tika levar\u00e1 a cabo a s\u00faa cuarta edici\u00f3n, ofrecendo unha plataforma \u00fanica onde interaccionar, intercambiar experiencias, po\u00f1er en valor o I+D+i no \u00e1mbito da enerx\u00eda e medir os numerosos cambios que est\u00e1 experimentado nun momento de transici\u00f3n como o actual.<\/p>\n<p>Para avanzar nestes obxectivos, ambos certames acaban de subscribir un acordo de colaboraci\u00f3n co Cl\u00faster Galego de Soluci\u00f3ns Ambientais e Econom\u00eda Circular (VIRATEC), coa finalidade de que estas feiras sexan un foro atractivo tam\u00e9n para o sector ambiental, dando resposta aos intereses e inquietudes espec\u00edficos dos seus profesionais e empresas.<\/p>\n<p>Esta implicaci\u00f3n de VIRATEC resulta de gran interese para ExpoMunicipal e Enerx\u00e9tika, supo\u00f1endo unha importante achega tanto no seu dese\u00f1o como no seu desenvolvemento. Non en balde, este cl\u00faster aglutina \u00e1s principais empresas e entidades galegas involucradas na xesti\u00f3n ambiental, po\u00f1endo ao dispor dos certames a s\u00faa ampla experiencia no sector e as s\u00faas capacidades como punto de uni\u00f3n coa industria e a administraci\u00f3n.<\/p>\n<p>As\u00ed, VIRATEC, ademais de realizar unha intermediaci\u00f3n activa entre os seus asociados para a s\u00faa posible participaci\u00f3n como expositores nalgunha das feiras, colaborar\u00e1 na organizaci\u00f3n do certame e o seu programa de actividades, proporcionando o seu extenso co\u00f1ecemento do sector.<\/p>\n<p>Por outra banda, VIRATEC contar\u00e1 cun espazo expositivo na feira, a cal ofrecer\u00e1 condici\u00f3ns vantaxosas \u00e1s s\u00faas empresas asociadas para participar como expositores nesta edici\u00f3n.<\/p>\n<p><strong>Un cl\u00faster de referencia<\/strong><\/p>\n<p>O Cl\u00faster Galego de Soluci\u00f3ns Ambientais e Econom\u00eda Circular ten como obxectivo incrementar a capacidade tecnol\u00f3xica e de innovaci\u00f3n e a competitividade das empresas galegas que achegan soluci\u00f3ns ambientais.<\/p>\n<p>Tr\u00e1tase dunha entidade de cooperaci\u00f3n p\u00fablico-privada e entre empresas que xera sinerx\u00edas entre distintas \u00e1reas de co\u00f1ecemento, promove a I+D+i, mellora a formaci\u00f3n e crea oportunidade de internacionalizaci\u00f3n para contribu\u00edr ao desenvolvemento sostible da sociedade galega e \u00e1 preservaci\u00f3n do seu medio ambiente, baixo os principios da Econom\u00eda Circular.<\/p>\n<p>VIRATEC, con oitenta socios que superan na s\u00faa facturaci\u00f3n global os 1.000 mill\u00f3ns de euros e xeran 4.000 empregos directos, \u00e9 xa un referente no desenvolvemento e implementaci\u00f3n de tecnolox\u00edas, procesos e soluci\u00f3ns ambientais, a nivel local, nacional e internacional<\/p>\n","protected":false},"excerpt":{"rendered":"<p>ESTES CERTAMES VE\u00d1EN DE FIRMAR UN ACORDO DE COLABORACI\u00d3N CON VIRATEC DE CARA \u00c1 S\u00daA VINDEIRA EDICI\u00d3N, QUE TER\u00c1 LUGAR DO 11 AO 13 DE ABRIL NA FEIRA INTERNACIONAL DE GALICIA ABANCA A IMPLICACI\u00d3N DESTA AGRUPACI\u00d3N SUP\u00d3N UNHA IMPORTANTE APORTACI\u00d3N A ESTAS CITAS, TANTO POLO SEU GRAN PESO NO SECTOR AMBIENTAL COMO POLA S\u00daA AMPLA &#8230; <a title=\"As feiras ExpoMunicipal e Enerx\u00e9tika al\u00edanse co Cl\u00faster Galego de Soluci\u00f3ns Ambientais e Econom\u00eda Circular\" class=\"read-more\" href=\"https:\/\/www.expomunicipal.es\/gl\/las-ferias-expomunicipal-y-enerxetika-se-alian-con-el-cluster-gallego-de-soluciones-ambientales-y-economia-circular\/\" aria-label=\"M\u00e1is en As feiras ExpoMunicipal e Enerx\u00e9tika al\u00edanse co Cl\u00faster Galego de Soluci\u00f3ns Ambientais e Econom\u00eda Circular\">Ler m\u00e1is<\/a><\/p>\n","protected":false},"author":1,"featured_media":3662,"comment_status":"closed","ping_status":"closed","sticky":false,"template":"","format":"standard","meta":{"footnotes":""},"categories":[18],"tags":[],"class_list":["post-3664","post","type-post","status-publish","format-standard","has-post-thumbnail","hentry","category-uncategorized-gl"],"acf":[],"yoast_head":"<!-- This site is optimized with the Yoast SEO plugin v20.4 - https:\/\/yoast.com\/wordpress\/plugins\/seo\/ -->\n<title>As feiras ExpoMunicipal e Enerx\u00e9tika al\u00edanse co Cl\u00faster Galego de Soluci\u00f3ns Ambientais e Econom\u00eda Circular - EXPOMUNICIPAL<\/title>\n<meta name=\"robots\" content=\"index, follow, max-snippet:-1, max-image-preview:large, max-video-preview:-1\" \/>\n<link rel=\"canonical\" href=\"https:\/\/www.expomunicipal.es\/gl\/las-ferias-expomunicipal-y-enerxetika-se-alian-con-el-cluster-gallego-de-soluciones-ambientales-y-economia-circular\/\" \/>\n<meta property=\"og:locale\" content=\"gl_ES\" \/>\n<meta property=\"og:type\" content=\"article\" \/>\n<meta property=\"og:title\" content=\"As feiras ExpoMunicipal e Enerx\u00e9tika al\u00edanse co Cl\u00faster Galego de Soluci\u00f3ns Ambientais e Econom\u00eda Circular - EXPOMUNICIPAL\" \/>\n<meta property=\"og:description\" content=\"ESTES CERTAMES VE\u00d1EN DE FIRMAR UN ACORDO DE COLABORACI\u00d3N CON VIRATEC DE CARA \u00c1 S\u00daA VINDEIRA EDICI\u00d3N, QUE TER\u00c1 LUGAR DO 11 AO 13 DE ABRIL NA FEIRA INTERNACIONAL DE GALICIA ABANCA A IMPLICACI\u00d3N DESTA AGRUPACI\u00d3N SUP\u00d3N UNHA IMPORTANTE APORTACI\u00d3N A ESTAS CITAS, TANTO POLO SEU GRAN PESO NO SECTOR AMBIENTAL COMO POLA S\u00daA AMPLA ... Ler m\u00e1is\" \/>\n<meta property=\"og:url\" content=\"https:\/\/www.expomunicipal.es\/gl\/las-ferias-expomunicipal-y-enerxetika-se-alian-con-el-cluster-gallego-de-soluciones-ambientales-y-economia-circular\/\" \/>\n<meta property=\"og:site_name\" content=\"EXPOMUNICIPAL\" \/>\n<meta property=\"article:publisher\" content=\"https:\/\/www.facebook.com\/feriaSEDEXPO\" \/>\n<meta property=\"article:published_time\" content=\"2024-02-15T12:59:28+00:00\" \/>\n<meta property=\"article:modified_time\" content=\"2024-02-15T13:03:12+00:00\" \/>\n<meta property=\"og:image\" content=\"https:\/\/www.expomunicipal.es\/wp-content\/uploads\/2024\/02\/Expomunicipal-e-Viratec.jpg\" \/>\n\t<meta property=\"og:image:width\" content=\"2339\" \/>\n\t<meta property=\"og:image:height\" content=\"1654\" \/>\n\t<meta property=\"og:image:type\" content=\"image\/jpeg\" \/>\n<meta name=\"author\" content=\"admin@SedExpo\" \/>\n<meta name=\"twitter:card\" content=\"summary_large_image\" \/>\n<meta name=\"twitter:creator\" content=\"@feriasedexpo\" \/>\n<meta name=\"twitter:site\" content=\"@feriasedexpo\" \/>\n<meta name=\"twitter:label1\" content=\"Escrito por\" \/>\n\t<meta name=\"twitter:data1\" content=\"admin@SedExpo\" \/>\n\t<meta name=\"twitter:label2\" content=\"Tempo de lectura\" \/>\n\t<meta name=\"twitter:data2\" content=\"3 minutos\" \/>\n<script type=\"application\/ld+json\" class=\"yoast-schema-graph\">{\"@context\":\"https:\/\/schema.org\",\"@graph\":[{\"@type\":\"Article\",\"@id\":\"https:\/\/www.expomunicipal.es\/gl\/las-ferias-expomunicipal-y-enerxetika-se-alian-con-el-cluster-gallego-de-soluciones-ambientales-y-economia-circular\/#article\",\"isPartOf\":{\"@id\":\"https:\/\/www.expomunicipal.es\/gl\/las-ferias-expomunicipal-y-enerxetika-se-alian-con-el-cluster-gallego-de-soluciones-ambientales-y-economia-circular\/\"},\"author\":{\"name\":\"admin@SedExpo\",\"@id\":\"https:\/\/www.expomunicipal.es\/gl\/#\/schema\/person\/1fc7315d6712a25472b2c1ce06566872\"},\"headline\":\"As feiras ExpoMunicipal e Enerx\u00e9tika al\u00edanse co Cl\u00faster Galego de Soluci\u00f3ns Ambientais e Econom\u00eda Circular\",\"datePublished\":\"2024-02-15T12:59:28+00:00\",\"dateModified\":\"2024-02-15T13:03:12+00:00\",\"mainEntityOfPage\":{\"@id\":\"https:\/\/www.expomunicipal.es\/gl\/las-ferias-expomunicipal-y-enerxetika-se-alian-con-el-cluster-gallego-de-soluciones-ambientales-y-economia-circular\/\"},\"wordCount\":559,\"publisher\":{\"@id\":\"https:\/\/www.expomunicipal.es\/gl\/#organization\"},\"articleSection\":[\"Uncategorized @gl\"],\"inLanguage\":\"gl-ES\"},{\"@type\":\"WebPage\",\"@id\":\"https:\/\/www.expomunicipal.es\/gl\/las-ferias-expomunicipal-y-enerxetika-se-alian-con-el-cluster-gallego-de-soluciones-ambientales-y-economia-circular\/\",\"url\":\"https:\/\/www.expomunicipal.es\/gl\/las-ferias-expomunicipal-y-enerxetika-se-alian-con-el-cluster-gallego-de-soluciones-ambientales-y-economia-circular\/\",\"name\":\"As feiras ExpoMunicipal e Enerx\u00e9tika al\u00edanse co Cl\u00faster Galego de Soluci\u00f3ns Ambientais e Econom\u00eda Circular - EXPOMUNICIPAL\",\"isPartOf\":{\"@id\":\"https:\/\/www.expomunicipal.es\/gl\/#website\"},\"datePublished\":\"2024-02-15T12:59:28+00:00\",\"dateModified\":\"2024-02-15T13:03:12+00:00\",\"breadcrumb\":{\"@id\":\"https:\/\/www.expomunicipal.es\/gl\/las-ferias-expomunicipal-y-enerxetika-se-alian-con-el-cluster-gallego-de-soluciones-ambientales-y-economia-circular\/#breadcrumb\"},\"inLanguage\":\"gl-ES\",\"potentialAction\":[{\"@type\":\"ReadAction\",\"target\":[\"https:\/\/www.expomunicipal.es\/gl\/las-ferias-expomunicipal-y-enerxetika-se-alian-con-el-cluster-gallego-de-soluciones-ambientales-y-economia-circular\/\"]}]},{\"@type\":\"BreadcrumbList\",\"@id\":\"https:\/\/www.expomunicipal.es\/gl\/las-ferias-expomunicipal-y-enerxetika-se-alian-con-el-cluster-gallego-de-soluciones-ambientales-y-economia-circular\/#breadcrumb\",\"itemListElement\":[{\"@type\":\"ListItem\",\"position\":1,\"name\":\"Portada\",\"item\":\"https:\/\/www.expomunicipal.es\/gl\/\"},{\"@type\":\"ListItem\",\"position\":2,\"name\":\"As feiras ExpoMunicipal e Enerx\u00e9tika al\u00edanse co Cl\u00faster Galego de Soluci\u00f3ns Ambientais e Econom\u00eda Circular\"}]},{\"@type\":\"WebSite\",\"@id\":\"https:\/\/www.expomunicipal.es\/gl\/#website\",\"url\":\"https:\/\/www.expomunicipal.es\/gl\/\",\"name\":\"EXPOMUNICIPAL\",\"description\":\"Feria de Servicios Municipales\",\"publisher\":{\"@id\":\"https:\/\/www.expomunicipal.es\/gl\/#organization\"},\"potentialAction\":[{\"@type\":\"SearchAction\",\"target\":{\"@type\":\"EntryPoint\",\"urlTemplate\":\"https:\/\/www.expomunicipal.es\/gl\/?s={search_term_string}\"},\"query-input\":\"required name=search_term_string\"}],\"inLanguage\":\"gl-ES\"},{\"@type\":\"Organization\",\"@id\":\"https:\/\/www.expomunicipal.es\/gl\/#organization\",\"name\":\"SEDEXPO\",\"url\":\"https:\/\/www.expomunicipal.es\/gl\/\",\"logo\":{\"@type\":\"ImageObject\",\"inLanguage\":\"gl-ES\",\"@id\":\"https:\/\/www.expomunicipal.es\/gl\/#\/schema\/logo\/image\/\",\"url\":\"https:\/\/www.expobusiberia.comwp-content\/uploads\/2022\/02\/sedexpo-logo.png\",\"contentUrl\":\"https:\/\/www.expobusiberia.comwp-content\/uploads\/2022\/02\/sedexpo-logo.png\",\"width\":556,\"height\":556,\"caption\":\"SEDEXPO\"},\"image\":{\"@id\":\"https:\/\/www.expomunicipal.es\/gl\/#\/schema\/logo\/image\/\"},\"sameAs\":[\"https:\/\/www.facebook.com\/feriaSEDEXPO\",\"https:\/\/twitter.com\/feriasedexpo\",\"https:\/\/es.linkedin.com\/company\/sedexpo\"]},{\"@type\":\"Person\",\"@id\":\"https:\/\/www.expomunicipal.es\/gl\/#\/schema\/person\/1fc7315d6712a25472b2c1ce06566872\",\"name\":\"admin@SedExpo\",\"image\":{\"@type\":\"ImageObject\",\"inLanguage\":\"gl-ES\",\"@id\":\"https:\/\/www.expomunicipal.es\/gl\/#\/schema\/person\/image\/\",\"url\":\"https:\/\/secure.gravatar.com\/avatar\/2aee3a429c5c84b2486f82e4bb736b27e478d3632de0946f5aba7087273fe2cb?s=96&d=mm&r=g\",\"contentUrl\":\"https:\/\/secure.gravatar.com\/avatar\/2aee3a429c5c84b2486f82e4bb736b27e478d3632de0946f5aba7087273fe2cb?s=96&d=mm&r=g\",\"caption\":\"admin@SedExpo\"},\"sameAs\":[\"https:\/\/sedexpo.com\"],\"url\":\"https:\/\/www.expomunicipal.es\/gl\/author\/adminsedexpo\/\"}]}<\/script>\n<!-- \/ Yoast SEO plugin. -->","yoast_head_json":{"title":"As feiras ExpoMunicipal e Enerx\u00e9tika al\u00edanse co Cl\u00faster Galego de Soluci\u00f3ns Ambientais e Econom\u00eda Circular - EXPOMUNICIPAL","robots":{"index":"index","follow":"follow","max-snippet":"max-snippet:-1","max-image-preview":"max-image-preview:large","max-video-preview":"max-video-preview:-1"},"canonical":"https:\/\/www.expomunicipal.es\/gl\/las-ferias-expomunicipal-y-enerxetika-se-alian-con-el-cluster-gallego-de-soluciones-ambientales-y-economia-circular\/","og_locale":"gl_ES","og_type":"article","og_title":"As feiras ExpoMunicipal e Enerx\u00e9tika al\u00edanse co Cl\u00faster Galego de Soluci\u00f3ns Ambientais e Econom\u00eda Circular - EXPOMUNICIPAL","og_description":"ESTES CERTAMES VE\u00d1EN DE FIRMAR UN ACORDO DE COLABORACI\u00d3N CON VIRATEC DE CARA \u00c1 S\u00daA VINDEIRA EDICI\u00d3N, QUE TER\u00c1 LUGAR DO 11 AO 13 DE ABRIL NA FEIRA INTERNACIONAL DE GALICIA ABANCA A IMPLICACI\u00d3N DESTA AGRUPACI\u00d3N SUP\u00d3N UNHA IMPORTANTE APORTACI\u00d3N A ESTAS CITAS, TANTO POLO SEU GRAN PESO NO SECTOR AMBIENTAL COMO POLA S\u00daA AMPLA ... Ler m\u00e1is","og_url":"https:\/\/www.expomunicipal.es\/gl\/las-ferias-expomunicipal-y-enerxetika-se-alian-con-el-cluster-gallego-de-soluciones-ambientales-y-economia-circular\/","og_site_name":"EXPOMUNICIPAL","article_publisher":"https:\/\/www.facebook.com\/feriaSEDEXPO","article_published_time":"2024-02-15T12:59:28+00:00","article_modified_time":"2024-02-15T13:03:12+00:00","og_image":[{"width":2339,"height":1654,"url":"https:\/\/www.expomunicipal.es\/wp-content\/uploads\/2024\/02\/Expomunicipal-e-Viratec.jpg","type":"image\/jpeg"}],"author":"admin@SedExpo","twitter_card":"summary_large_image","twitter_creator":"@feriasedexpo","twitter_site":"@feriasedexpo","twitter_misc":{"Escrito por":"admin@SedExpo","Tempo de lectura":"3 minutos"},"schema":{"@context":"https:\/\/schema.org","@graph":[{"@type":"Article","@id":"https:\/\/www.expomunicipal.es\/gl\/las-ferias-expomunicipal-y-enerxetika-se-alian-con-el-cluster-gallego-de-soluciones-ambientales-y-economia-circular\/#article","isPartOf":{"@id":"https:\/\/www.expomunicipal.es\/gl\/las-ferias-expomunicipal-y-enerxetika-se-alian-con-el-cluster-gallego-de-soluciones-ambientales-y-economia-circular\/"},"author":{"name":"admin@SedExpo","@id":"https:\/\/www.expomunicipal.es\/gl\/#\/schema\/person\/1fc7315d6712a25472b2c1ce06566872"},"headline":"As feiras ExpoMunicipal e Enerx\u00e9tika al\u00edanse co Cl\u00faster Galego de Soluci\u00f3ns Ambientais e Econom\u00eda Circular","datePublished":"2024-02-15T12:59:28+00:00","dateModified":"2024-02-15T13:03:12+00:00","mainEntityOfPage":{"@id":"https:\/\/www.expomunicipal.es\/gl\/las-ferias-expomunicipal-y-enerxetika-se-alian-con-el-cluster-gallego-de-soluciones-ambientales-y-economia-circular\/"},"wordCount":559,"publisher":{"@id":"https:\/\/www.expomunicipal.es\/gl\/#organization"},"articleSection":["Uncategorized @gl"],"inLanguage":"gl-ES"},{"@type":"WebPage","@id":"https:\/\/www.expomunicipal.es\/gl\/las-ferias-expomunicipal-y-enerxetika-se-alian-con-el-cluster-gallego-de-soluciones-ambientales-y-economia-circular\/","url":"https:\/\/www.expomunicipal.es\/gl\/las-ferias-expomunicipal-y-enerxetika-se-alian-con-el-cluster-gallego-de-soluciones-ambientales-y-economia-circular\/","name":"As feiras ExpoMunicipal e Enerx\u00e9tika al\u00edanse co Cl\u00faster Galego de Soluci\u00f3ns Ambientais e Econom\u00eda Circular - EXPOMUNICIPAL","isPartOf":{"@id":"https:\/\/www.expomunicipal.es\/gl\/#website"},"datePublished":"2024-02-15T12:59:28+00:00","dateModified":"2024-02-15T13:03:12+00:00","breadcrumb":{"@id":"https:\/\/www.expomunicipal.es\/gl\/las-ferias-expomunicipal-y-enerxetika-se-alian-con-el-cluster-gallego-de-soluciones-ambientales-y-economia-circular\/#breadcrumb"},"inLanguage":"gl-ES","potentialAction":[{"@type":"ReadAction","target":["https:\/\/www.expomunicipal.es\/gl\/las-ferias-expomunicipal-y-enerxetika-se-alian-con-el-cluster-gallego-de-soluciones-ambientales-y-economia-circular\/"]}]},{"@type":"BreadcrumbList","@id":"https:\/\/www.expomunicipal.es\/gl\/las-ferias-expomunicipal-y-enerxetika-se-alian-con-el-cluster-gallego-de-soluciones-ambientales-y-economia-circular\/#breadcrumb","itemListElement":[{"@type":"ListItem","position":1,"name":"Portada","item":"https:\/\/www.expomunicipal.es\/gl\/"},{"@type":"ListItem","position":2,"name":"As feiras ExpoMunicipal e Enerx\u00e9tika al\u00edanse co Cl\u00faster Galego de Soluci\u00f3ns Ambientais e Econom\u00eda Circular"}]},{"@type":"WebSite","@id":"https:\/\/www.expomunicipal.es\/gl\/#website","url":"https:\/\/www.expomunicipal.es\/gl\/","name":"EXPOMUNICIPAL","description":"Feria de Servicios Municipales","publisher":{"@id":"https:\/\/www.expomunicipal.es\/gl\/#organization"},"potentialAction":[{"@type":"SearchAction","target":{"@type":"EntryPoint","urlTemplate":"https:\/\/www.expomunicipal.es\/gl\/?s={search_term_string}"},"query-input":"required name=search_term_string"}],"inLanguage":"gl-ES"},{"@type":"Organization","@id":"https:\/\/www.expomunicipal.es\/gl\/#organization","name":"SEDEXPO","url":"https:\/\/www.expomunicipal.es\/gl\/","logo":{"@type":"ImageObject","inLanguage":"gl-ES","@id":"https:\/\/www.expomunicipal.es\/gl\/#\/schema\/logo\/image\/","url":"https:\/\/www.expobusiberia.comwp-content\/uploads\/2022\/02\/sedexpo-logo.png","contentUrl":"https:\/\/www.expobusiberia.comwp-content\/uploads\/2022\/02\/sedexpo-logo.png","width":556,"height":556,"caption":"SEDEXPO"},"image":{"@id":"https:\/\/www.expomunicipal.es\/gl\/#\/schema\/logo\/image\/"},"sameAs":["https:\/\/www.facebook.com\/feriaSEDEXPO","https:\/\/twitter.com\/feriasedexpo","https:\/\/es.linkedin.com\/company\/sedexpo"]},{"@type":"Person","@id":"https:\/\/www.expomunicipal.es\/gl\/#\/schema\/person\/1fc7315d6712a25472b2c1ce06566872","name":"admin@SedExpo","image":{"@type":"ImageObject","inLanguage":"gl-ES","@id":"https:\/\/www.expomunicipal.es\/gl\/#\/schema\/person\/image\/","url":"https:\/\/secure.gravatar.com\/avatar\/2aee3a429c5c84b2486f82e4bb736b27e478d3632de0946f5aba7087273fe2cb?s=96&d=mm&r=g","contentUrl":"https:\/\/secure.gravatar.com\/avatar\/2aee3a429c5c84b2486f82e4bb736b27e478d3632de0946f5aba7087273fe2cb?s=96&d=mm&r=g","caption":"admin@SedExpo"},"sameAs":["https:\/\/sedexpo.com"],"url":"https:\/\/www.expomunicipal.es\/gl\/author\/adminsedexpo\/"}]}},"_links":{"self":[{"href":"https:\/\/www.expomunicipal.es\/gl\/wp-json\/wp\/v2\/posts\/3664","targetHints":{"allow":["GET"]}}],"collection":[{"href":"https:\/\/www.expomunicipal.es\/gl\/wp-json\/wp\/v2\/posts"}],"about":[{"href":"https:\/\/www.expomunicipal.es\/gl\/wp-json\/wp\/v2\/types\/post"}],"author":[{"embeddable":true,"href":"https:\/\/www.expomunicipal.es\/gl\/wp-json\/wp\/v2\/users\/1"}],"replies":[{"embeddable":true,"href":"https:\/\/www.expomunicipal.es\/gl\/wp-json\/wp\/v2\/comments?post=3664"}],"version-history":[{"count":1,"href":"https:\/\/www.expomunicipal.es\/gl\/wp-json\/wp\/v2\/posts\/3664\/revisions"}],"predecessor-version":[{"id":3665,"href":"https:\/\/www.expomunicipal.es\/gl\/wp-json\/wp\/v2\/posts\/3664\/revisions\/3665"}],"wp:featuredmedia":[{"embeddable":true,"href":"https:\/\/www.expomunicipal.es\/gl\/wp-json\/wp\/v2\/media\/3662"}],"wp:attachment":[{"href":"https:\/\/www.expomunicipal.es\/gl\/wp-json\/wp\/v2\/media?parent=3664"}],"wp:term":[{"taxonomy":"category","embeddable":true,"href":"https:\/\/www.expomunicipal.es\/gl\/wp-json\/wp\/v2\/categories?post=3664"},{"taxonomy":"post_tag","embeddable":true,"href":"https:\/\/www.expomunicipal.es\/gl\/wp-json\/wp\/v2\/tags?post=3664"}],"curies":[{"name":"wp","href":"https:\/\/api.w.org\/{rel}","templated":true}]}}